{"id":7130,"date":"2023-04-30T14:06:27","date_gmt":"2023-04-30T12:06:27","guid":{"rendered":"https:\/\/agora.xtec.cat\/ceip-ignasiiglesias-cornella\/?p=7130"},"modified":"2023-06-21T14:46:21","modified_gmt":"2023-06-21T12:46:21","slug":"5e-cantania-4","status":"publish","type":"post","link":"https:\/\/agora.xtec.cat\/ceip-ignasiiglesias-cornella\/portada\/5e-cantania-4\/","title":{"rendered":"5\u00e8. CANT\u00c0NIA"},"content":{"rendered":"<p>Aquest curs, un cop m\u00e9s, hem participat a l&#8217;activitat CANT\u00c0NIA. Es tracta d&#8217;una cantata que aprenem moltes escoles a classe i que representem a l&#8217;Auditori de Barcelona. El t\u00edtol de la Cant\u00e0nia d&#8217;aquest curs ha estat: &#8220;LES PORTES DEL M\u00d3N&#8221;. Us deixem algunes fotos d&#8217;aquesta activitat a la <a href=\"https:\/\/agora.xtec.cat\/ceip-ignasiiglesias-cornella\/cicle-superior-2022-2023\/\">GALERIA D&#8217;IMATGES DE CICLE SUPERIOR.<\/a><\/p>\n<p>Tamb\u00e9 hi trobareu imatges de l&#8217;estona de joc que vam tenir despr\u00e9s de dinar al parc de les Gl\u00f2ries.<\/p>\n","protected":false},"excerpt":{"rendered":"<p>Aquest curs, un cop m\u00e9s, hem participat a l&#8217;activitat CANT\u00c0NIA. Es tracta d&#8217;una cantata que aprenem moltes escoles a classe i que representem a l&#8217;Auditori de Barcelona. El t\u00edtol de la Cant\u00e0nia d&#8217;aquest curs ha estat: &#8220;LES PORTES DEL M\u00d3N&#8221;. Us deixem algunes fotos d&#8217;aquesta&hellip;  <a href=\"https:\/\/agora.xtec.cat\/ceip-ignasiiglesias-cornella\/portada\/5e-cantania-4\/\" title=\"Read 5\u00e8. CANT\u00c0NIA\">Llegeix m\u00e9s\u00bb<\/a><\/p>\n","protected":false},"author":4,"featured_media":7128,"comment_status":"open","ping_status":"closed","sticky":false,"template":"","format":"standard","meta":{"_bbp_topic_count":0,"_bbp_reply_count":0,"_bbp_total_topic_count":0,"_bbp_total_reply_count":0,"_bbp_voice_count":0,"_bbp_anonymous_reply_count":0,"_bbp_topic_count_hidden":0,"_bbp_reply_count_hidden":0,"_bbp_forum_subforum_count":0,"footnotes":""},"categories":[14,72,4],"tags":[],"class_list":["post-7130","post","type-post","status-publish","format-standard","has-post-thumbnail","hentry","category-cicle-superior","category-musica","category-portada"],"post_mailing_queue_ids":[],"_links":{"self":[{"href":"https:\/\/agora.xtec.cat\/ceip-ignasiiglesias-cornella\/wp-json\/wp\/v2\/posts\/7130","targetHints":{"allow":["GET"]}}],"collection":[{"href":"https:\/\/agora.xtec.cat\/ceip-ignasiiglesias-cornella\/wp-json\/wp\/v2\/posts"}],"about":[{"href":"https:\/\/agora.xtec.cat\/ceip-ignasiiglesias-cornella\/wp-json\/wp\/v2\/types\/post"}],"author":[{"embeddable":true,"href":"https:\/\/agora.xtec.cat\/ceip-ignasiiglesias-cornella\/wp-json\/wp\/v2\/users\/4"}],"replies":[{"embeddable":true,"href":"https:\/\/agora.xtec.cat\/ceip-ignasiiglesias-cornella\/wp-json\/wp\/v2\/comments?post=7130"}],"version-history":[{"count":3,"href":"https:\/\/agora.xtec.cat\/ceip-ignasiiglesias-cornella\/wp-json\/wp\/v2\/posts\/7130\/revisions"}],"predecessor-version":[{"id":7133,"href":"https:\/\/agora.xtec.cat\/ceip-ignasiiglesias-cornella\/wp-json\/wp\/v2\/posts\/7130\/revisions\/7133"}],"wp:featuredmedia":[{"embeddable":true,"href":"https:\/\/agora.xtec.cat\/ceip-ignasiiglesias-cornella\/wp-json\/wp\/v2\/media\/7128"}],"wp:attachment":[{"href":"https:\/\/agora.xtec.cat\/ceip-ignasiiglesias-cornella\/wp-json\/wp\/v2\/media?parent=7130"}],"wp:term":[{"taxonomy":"category","embeddable":true,"href":"https:\/\/agora.xtec.cat\/ceip-ignasiiglesias-cornella\/wp-json\/wp\/v2\/categories?post=7130"},{"taxonomy":"post_tag","embeddable":true,"href":"https:\/\/agora.xtec.cat\/ceip-ignasiiglesias-cornella\/wp-json\/wp\/v2\/tags?post=7130"}],"curies":[{"name":"wp","href":"https:\/\/api.w.org\/{rel}","templated":true}]}}