{"id":7125,"date":"2023-06-01T13:48:21","date_gmt":"2023-06-01T11:48:21","guid":{"rendered":"https:\/\/agora.xtec.cat\/ceip-ignasiiglesias-cornella\/?p=7125"},"modified":"2023-06-21T13:53:39","modified_gmt":"2023-06-21T11:53:39","slug":"4t-hoka-hey","status":"publish","type":"post","link":"https:\/\/agora.xtec.cat\/ceip-ignasiiglesias-cornella\/general\/4t-hoka-hey\/","title":{"rendered":"4t. HOKA HEY"},"content":{"rendered":"<p>EL passat 1 de juny, els nens i nenes de 4t van participar a la cantata Hoka Hey. Aquest activitat est\u00e0 creada i organitzada per &#8220;Ut M\u00fasica&#8221;. La representaci\u00f3 va ser al teatre Poliorama de Barcelona i va ser una experi\u00e8ncia incre\u00efble per a tothom. Com sempre, els infants de la nostra escola ho van fer genial!<\/p>\n<p>Us hem penjat les fotos que ens ha enviat l&#8217;organitzaci\u00f3 per a que en pogueu gaudir. Per accedir-hi cliqueu l&#8217;enlla\u00e7 a la <a href=\"https:\/\/agora.xtec.cat\/ceip-ignasiiglesias-cornella\/cicle-mitja-2022-2023\/\">GALERIA D&#8217;IMATGES DE CICLE MITJ\u00c0.<\/a><\/p>\n<p>&nbsp;<\/p>\n","protected":false},"excerpt":{"rendered":"<p>EL passat 1 de juny, els nens i nenes de 4t van participar a la cantata Hoka Hey. Aquest activitat est\u00e0 creada i organitzada per &#8220;Ut M\u00fasica&#8221;. La representaci\u00f3 va ser al teatre Poliorama de Barcelona i va ser una experi\u00e8ncia incre\u00efble per a tothom.&hellip;  <a href=\"https:\/\/agora.xtec.cat\/ceip-ignasiiglesias-cornella\/general\/4t-hoka-hey\/\" title=\"Read 4t. HOKA HEY\">Llegeix m\u00e9s\u00bb<\/a><\/p>\n","protected":false},"author":4,"featured_media":7123,"comment_status":"open","ping_status":"closed","sticky":false,"template":"","format":"standard","meta":{"_bbp_topic_count":0,"_bbp_reply_count":0,"_bbp_total_topic_count":0,"_bbp_total_reply_count":0,"_bbp_voice_count":0,"_bbp_anonymous_reply_count":0,"_bbp_topic_count_hidden":0,"_bbp_reply_count_hidden":0,"_bbp_forum_subforum_count":0,"footnotes":""},"categories":[12,1,72,4],"tags":[987,986,988],"class_list":["post-7125","post","type-post","status-publish","format-standard","has-post-thumbnail","hentry","category-cicle-mitja","category-general","category-musica","category-portada","tag-cantata","tag-oka-hey","tag-poliorama"],"post_mailing_queue_ids":[],"_links":{"self":[{"href":"https:\/\/agora.xtec.cat\/ceip-ignasiiglesias-cornella\/wp-json\/wp\/v2\/posts\/7125","targetHints":{"allow":["GET"]}}],"collection":[{"href":"https:\/\/agora.xtec.cat\/ceip-ignasiiglesias-cornella\/wp-json\/wp\/v2\/posts"}],"about":[{"href":"https:\/\/agora.xtec.cat\/ceip-ignasiiglesias-cornella\/wp-json\/wp\/v2\/types\/post"}],"author":[{"embeddable":true,"href":"https:\/\/agora.xtec.cat\/ceip-ignasiiglesias-cornella\/wp-json\/wp\/v2\/users\/4"}],"replies":[{"embeddable":true,"href":"https:\/\/agora.xtec.cat\/ceip-ignasiiglesias-cornella\/wp-json\/wp\/v2\/comments?post=7125"}],"version-history":[{"count":2,"href":"https:\/\/agora.xtec.cat\/ceip-ignasiiglesias-cornella\/wp-json\/wp\/v2\/posts\/7125\/revisions"}],"predecessor-version":[{"id":7127,"href":"https:\/\/agora.xtec.cat\/ceip-ignasiiglesias-cornella\/wp-json\/wp\/v2\/posts\/7125\/revisions\/7127"}],"wp:featuredmedia":[{"embeddable":true,"href":"https:\/\/agora.xtec.cat\/ceip-ignasiiglesias-cornella\/wp-json\/wp\/v2\/media\/7123"}],"wp:attachment":[{"href":"https:\/\/agora.xtec.cat\/ceip-ignasiiglesias-cornella\/wp-json\/wp\/v2\/media?parent=7125"}],"wp:term":[{"taxonomy":"category","embeddable":true,"href":"https:\/\/agora.xtec.cat\/ceip-ignasiiglesias-cornella\/wp-json\/wp\/v2\/categories?post=7125"},{"taxonomy":"post_tag","embeddable":true,"href":"https:\/\/agora.xtec.cat\/ceip-ignasiiglesias-cornella\/wp-json\/wp\/v2\/tags?post=7125"}],"curies":[{"name":"wp","href":"https:\/\/api.w.org\/{rel}","templated":true}]}}