{"id":7116,"date":"2023-06-21T13:07:06","date_gmt":"2023-06-21T11:07:06","guid":{"rendered":"https:\/\/agora.xtec.cat\/ceip-ignasiiglesias-cornella\/?p=7116"},"modified":"2023-06-21T13:35:09","modified_gmt":"2023-06-21T11:35:09","slug":"danses-de-fi-de-curs","status":"publish","type":"post","link":"https:\/\/agora.xtec.cat\/ceip-ignasiiglesias-cornella\/general\/danses-de-fi-de-curs\/","title":{"rendered":"DANSES DE FI DE CURS"},"content":{"rendered":"<p>Avui hem fet el comiat del curs a l&#8217;escola. Per a celebrar-ho hem fet danses al pavell\u00f3 de Can Carbonell. A continuaci\u00f3 us deixem l&#8217;enlla\u00e7 a les <a href=\"https:\/\/agora.xtec.cat\/ceip-ignasiiglesias-cornella\/galeria-de-fotos-curs-2022-2023\/\">GALERIES D&#8217;IMATGES<\/a> per a que pogueu tornar a veure els balls o compartir-los amb la fam\u00edlia que no hagi pogut venir a aquest acte.<\/p>\n<p>Felicitem molt\u00edssim a tots els nens i nenes de l&#8217;Ignasi Iglesias que han estat els protagonistes de l&#8217;espectacle i que ho han fet genial.<\/p>\n<p>ENHORABONA!<\/p>\n","protected":false},"excerpt":{"rendered":"<p>Avui hem fet el comiat del curs a l&#8217;escola. Per a celebrar-ho hem fet danses al pavell\u00f3 de Can Carbonell. A continuaci\u00f3 us deixem l&#8217;enlla\u00e7 a les <a href=\"https:\/\/agora.xtec.cat\/ceip-ignasiiglesias-cornella\/galeria-de-fotos-curs-2022-2023\/\">GALERIES D&#8217;IMATGES<\/a> per a que pogueu tornar a veure els balls o compartir-los amb la fam\u00edlia que&hellip;  <a href=\"https:\/\/agora.xtec.cat\/ceip-ignasiiglesias-cornella\/general\/danses-de-fi-de-curs\/\" title=\"Read DANSES DE FI DE CURS\">Llegeix m\u00e9s\u00bb<\/a><\/p>\n","protected":false},"author":4,"featured_media":7117,"comment_status":"open","ping_status":"closed","sticky":false,"template":"","format":"standard","meta":{"_bbp_topic_count":0,"_bbp_reply_count":0,"_bbp_total_topic_count":0,"_bbp_total_reply_count":0,"_bbp_voice_count":0,"_bbp_anonymous_reply_count":0,"_bbp_topic_count_hidden":0,"_bbp_reply_count_hidden":0,"_bbp_forum_subforum_count":0,"footnotes":""},"categories":[1,72,4],"tags":[883,246],"class_list":["post-7116","post","type-post","status-publish","format-standard","has-post-thumbnail","hentry","category-general","category-musica","category-portada","tag-balls","tag-danses"],"post_mailing_queue_ids":[],"_links":{"self":[{"href":"https:\/\/agora.xtec.cat\/ceip-ignasiiglesias-cornella\/wp-json\/wp\/v2\/posts\/7116","targetHints":{"allow":["GET"]}}],"collection":[{"href":"https:\/\/agora.xtec.cat\/ceip-ignasiiglesias-cornella\/wp-json\/wp\/v2\/posts"}],"about":[{"href":"https:\/\/agora.xtec.cat\/ceip-ignasiiglesias-cornella\/wp-json\/wp\/v2\/types\/post"}],"author":[{"embeddable":true,"href":"https:\/\/agora.xtec.cat\/ceip-ignasiiglesias-cornella\/wp-json\/wp\/v2\/users\/4"}],"replies":[{"embeddable":true,"href":"https:\/\/agora.xtec.cat\/ceip-ignasiiglesias-cornella\/wp-json\/wp\/v2\/comments?post=7116"}],"version-history":[{"count":1,"href":"https:\/\/agora.xtec.cat\/ceip-ignasiiglesias-cornella\/wp-json\/wp\/v2\/posts\/7116\/revisions"}],"predecessor-version":[{"id":7118,"href":"https:\/\/agora.xtec.cat\/ceip-ignasiiglesias-cornella\/wp-json\/wp\/v2\/posts\/7116\/revisions\/7118"}],"wp:featuredmedia":[{"embeddable":true,"href":"https:\/\/agora.xtec.cat\/ceip-ignasiiglesias-cornella\/wp-json\/wp\/v2\/media\/7117"}],"wp:attachment":[{"href":"https:\/\/agora.xtec.cat\/ceip-ignasiiglesias-cornella\/wp-json\/wp\/v2\/media?parent=7116"}],"wp:term":[{"taxonomy":"category","embeddable":true,"href":"https:\/\/agora.xtec.cat\/ceip-ignasiiglesias-cornella\/wp-json\/wp\/v2\/categories?post=7116"},{"taxonomy":"post_tag","embeddable":true,"href":"https:\/\/agora.xtec.cat\/ceip-ignasiiglesias-cornella\/wp-json\/wp\/v2\/tags?post=7116"}],"curies":[{"name":"wp","href":"https:\/\/api.w.org\/{rel}","templated":true}]}}