{"id":7113,"date":"2023-06-19T12:54:00","date_gmt":"2023-06-19T10:54:00","guid":{"rendered":"https:\/\/agora.xtec.cat\/ceip-ignasiiglesias-cornella\/?p=7113"},"modified":"2023-06-19T12:54:00","modified_gmt":"2023-06-19T10:54:00","slug":"6e-petit-princep","status":"publish","type":"post","link":"https:\/\/agora.xtec.cat\/ceip-ignasiiglesias-cornella\/portada\/6e-petit-princep\/","title":{"rendered":"6\u00e8. PETIT PR\u00cdNCEP"},"content":{"rendered":"<p>Aquest curs, les nenes i nens de 6\u00e8 han preparat el musical del Petit Pr\u00edncep per a acomiadar-se de l&#8217;etapa de prim\u00e0ria. El darrer dijous van fer la representaci\u00f3 del musical davant les fam\u00edlies al teatre de l&#8217;escola i va ser un acte molt emotiu. \u00c9s per aquesta ra\u00f3, que volem compartir-ho amb la resta de fam\u00edlies de l&#8217;escola, desitjant que us agradi, i en gaudiu. El v\u00eddeo \u00e9s a la <a href=\"https:\/\/agora.xtec.cat\/ceip-ignasiiglesias-cornella\/galeria-de-fotos-curs-2022-2023\/\">galeria d&#8217;imatges<\/a> de cada cicle.<\/p>\n<p>Ens agradaria deixar const\u00e0ncia dels agra\u00efments que vam anomenar a la presentaci\u00f3 de l&#8217;acte:<\/p>\n<p>Primer de tot als infants de 6\u00e8, que s&#8217;han esfor\u00e7at molt\u00edssim aprenent els textos, les can\u00e7ons, les danses, els moviments esc\u00e8nics&#8230; fent una menci\u00f3 especial als nens i nenes que no van anar de col\u00f2nies i que van elaborar manualment la gran majoria de l&#8217;atrezzo de l&#8217;obra.<\/p>\n<p>A tot el personal del centre que d&#8217;una manera o una altra hi han posat el seu granet de sorra.<\/p>\n<p>A les fam\u00edlies, per les aportacions que han fet pel que fa al vestuari i a l&#8217;atrezzo de l&#8217;obra i per fer que l&#8217;acte fos encara m\u00e9s emotiu amb la seva pres\u00e8ncia.<\/p>\n<p>A la Rut, que va venir a l&#8217;aula a fer-nos un taller de Llengua Catalana de Signes, i amb qui vam aprendre la can\u00e7\u00f3 de Comiat.<\/p>\n<p>Ha estat una experi\u00e8ncia molt enriquidora per a tothom i estem molt agra\u00efdes i agra\u00efts.<\/p>\n","protected":false},"excerpt":{"rendered":"<p>Aquest curs, les nenes i nens de 6\u00e8 han preparat el musical del Petit Pr\u00edncep per a acomiadar-se de l&#8217;etapa de prim\u00e0ria. El darrer dijous van fer la representaci\u00f3 del musical davant les fam\u00edlies al teatre de l&#8217;escola i va ser un acte molt emotiu.&hellip;  <a href=\"https:\/\/agora.xtec.cat\/ceip-ignasiiglesias-cornella\/portada\/6e-petit-princep\/\" title=\"Read 6\u00e8. PETIT PR\u00cdNCEP\">Llegeix m\u00e9s\u00bb<\/a><\/p>\n","protected":false},"author":4,"featured_media":7109,"comment_status":"open","ping_status":"closed","sticky":false,"template":"","format":"standard","meta":{"_bbp_topic_count":0,"_bbp_reply_count":0,"_bbp_total_topic_count":0,"_bbp_total_reply_count":0,"_bbp_voice_count":0,"_bbp_anonymous_reply_count":0,"_bbp_topic_count_hidden":0,"_bbp_reply_count_hidden":0,"_bbp_forum_subforum_count":0,"footnotes":""},"categories":[14,72,4],"tags":[604,985],"class_list":["post-7113","post","type-post","status-publish","format-standard","has-post-thumbnail","hentry","category-cicle-superior","category-musica","category-portada","tag-musical","tag-petit-princep"],"post_mailing_queue_ids":[],"_links":{"self":[{"href":"https:\/\/agora.xtec.cat\/ceip-ignasiiglesias-cornella\/wp-json\/wp\/v2\/posts\/7113","targetHints":{"allow":["GET"]}}],"collection":[{"href":"https:\/\/agora.xtec.cat\/ceip-ignasiiglesias-cornella\/wp-json\/wp\/v2\/posts"}],"about":[{"href":"https:\/\/agora.xtec.cat\/ceip-ignasiiglesias-cornella\/wp-json\/wp\/v2\/types\/post"}],"author":[{"embeddable":true,"href":"https:\/\/agora.xtec.cat\/ceip-ignasiiglesias-cornella\/wp-json\/wp\/v2\/users\/4"}],"replies":[{"embeddable":true,"href":"https:\/\/agora.xtec.cat\/ceip-ignasiiglesias-cornella\/wp-json\/wp\/v2\/comments?post=7113"}],"version-history":[{"count":1,"href":"https:\/\/agora.xtec.cat\/ceip-ignasiiglesias-cornella\/wp-json\/wp\/v2\/posts\/7113\/revisions"}],"predecessor-version":[{"id":7114,"href":"https:\/\/agora.xtec.cat\/ceip-ignasiiglesias-cornella\/wp-json\/wp\/v2\/posts\/7113\/revisions\/7114"}],"wp:featuredmedia":[{"embeddable":true,"href":"https:\/\/agora.xtec.cat\/ceip-ignasiiglesias-cornella\/wp-json\/wp\/v2\/media\/7109"}],"wp:attachment":[{"href":"https:\/\/agora.xtec.cat\/ceip-ignasiiglesias-cornella\/wp-json\/wp\/v2\/media?parent=7113"}],"wp:term":[{"taxonomy":"category","embeddable":true,"href":"https:\/\/agora.xtec.cat\/ceip-ignasiiglesias-cornella\/wp-json\/wp\/v2\/categories?post=7113"},{"taxonomy":"post_tag","embeddable":true,"href":"https:\/\/agora.xtec.cat\/ceip-ignasiiglesias-cornella\/wp-json\/wp\/v2\/tags?post=7113"}],"curies":[{"name":"wp","href":"https:\/\/api.w.org\/{rel}","templated":true}]}}