{"id":7078,"date":"2023-05-31T09:00:11","date_gmt":"2023-05-31T07:00:11","guid":{"rendered":"https:\/\/agora.xtec.cat\/ceip-ignasiiglesias-cornella\/?p=7078"},"modified":"2023-05-30T13:10:08","modified_gmt":"2023-05-30T11:10:08","slug":"6e-colonies-2022-2023","status":"publish","type":"post","link":"https:\/\/agora.xtec.cat\/ceip-ignasiiglesias-cornella\/portada\/6e-colonies-2022-2023\/","title":{"rendered":"6\u00e8. COL\u00d2NIES 2022-2023"},"content":{"rendered":"<p>Per fi han arribat les esperades col\u00f2nies, tenim moltes ganes de gaudir i passar-ho b\u00e9!<\/p>\n<p>L\u2019alumnat de 6\u00e8 comen\u00e7a avui la seva aventura.<\/p>\n<p>Durant aquests dies anirem pujant fotos de les diferents activitats que vagin realitzant.<\/p>\n<p>Us convidem a gaudir de les fotos clicant\u00a0 a sobre del\u00a0 curs dels vostres fills i\/o filles.<\/p>\n<p><a href=\"https:\/\/agora.xtec.cat\/ceip-ignasiiglesias-cornella\/cicle-superior-2022-2023\/\"><img loading=\"lazy\" decoding=\"async\" class=\"alignleft size-medium wp-image-6328\" src=\"https:\/\/agora.xtec.cat\/ceip-ignasiiglesias-cornella\/wp-content\/uploads\/usu1592\/2022\/04\/1-1-e1650544323473-223x300.png\" alt=\"\" width=\"223\" height=\"300\" srcset=\"https:\/\/agora.xtec.cat\/ceip-ignasiiglesias-cornella\/wp-content\/uploads\/usu1592\/2022\/04\/1-1-e1650544323473-223x300.png 223w, https:\/\/agora.xtec.cat\/ceip-ignasiiglesias-cornella\/wp-content\/uploads\/usu1592\/2022\/04\/1-1-e1650544323473-760x1024.png 760w, https:\/\/agora.xtec.cat\/ceip-ignasiiglesias-cornella\/wp-content\/uploads\/usu1592\/2022\/04\/1-1-e1650544323473-768x1035.png 768w, https:\/\/agora.xtec.cat\/ceip-ignasiiglesias-cornella\/wp-content\/uploads\/usu1592\/2022\/04\/1-1-e1650544323473.png 1135w\" sizes=\"auto, (max-width: 223px) 100vw, 223px\" \/><\/a><\/p>\n","protected":false},"excerpt":{"rendered":"<p>Per fi han arribat les esperades col\u00f2nies, tenim moltes ganes de gaudir i passar-ho b\u00e9!<br \/>\nL\u2019alumnat de 6\u00e8 comen\u00e7a avui la seva aventura.<br \/>\nDurant aquests dies anirem pujant fotos de les diferents activitats que vagin realitzant.<br \/>\nUs convidem a gaudir de les fotos clicant\u00a0 a sobre del\u00a0 curs&hellip;  <a href=\"https:\/\/agora.xtec.cat\/ceip-ignasiiglesias-cornella\/portada\/6e-colonies-2022-2023\/\" title=\"Read 6\u00e8. COL\u00d2NIES 2022-2023\">Llegeix m\u00e9s\u00bb<\/a><\/p>\n","protected":false},"author":4,"featured_media":0,"comment_status":"open","ping_status":"closed","sticky":false,"template":"","format":"standard","meta":{"_bbp_topic_count":0,"_bbp_reply_count":0,"_bbp_total_topic_count":0,"_bbp_total_reply_count":0,"_bbp_voice_count":0,"_bbp_anonymous_reply_count":0,"_bbp_topic_count_hidden":0,"_bbp_reply_count_hidden":0,"_bbp_forum_subforum_count":0,"footnotes":""},"categories":[14,4],"tags":[],"class_list":["post-7078","post","type-post","status-publish","format-standard","hentry","category-cicle-superior","category-portada"],"post_mailing_queue_ids":[],"_links":{"self":[{"href":"https:\/\/agora.xtec.cat\/ceip-ignasiiglesias-cornella\/wp-json\/wp\/v2\/posts\/7078","targetHints":{"allow":["GET"]}}],"collection":[{"href":"https:\/\/agora.xtec.cat\/ceip-ignasiiglesias-cornella\/wp-json\/wp\/v2\/posts"}],"about":[{"href":"https:\/\/agora.xtec.cat\/ceip-ignasiiglesias-cornella\/wp-json\/wp\/v2\/types\/post"}],"author":[{"embeddable":true,"href":"https:\/\/agora.xtec.cat\/ceip-ignasiiglesias-cornella\/wp-json\/wp\/v2\/users\/4"}],"replies":[{"embeddable":true,"href":"https:\/\/agora.xtec.cat\/ceip-ignasiiglesias-cornella\/wp-json\/wp\/v2\/comments?post=7078"}],"version-history":[{"count":1,"href":"https:\/\/agora.xtec.cat\/ceip-ignasiiglesias-cornella\/wp-json\/wp\/v2\/posts\/7078\/revisions"}],"predecessor-version":[{"id":7079,"href":"https:\/\/agora.xtec.cat\/ceip-ignasiiglesias-cornella\/wp-json\/wp\/v2\/posts\/7078\/revisions\/7079"}],"wp:attachment":[{"href":"https:\/\/agora.xtec.cat\/ceip-ignasiiglesias-cornella\/wp-json\/wp\/v2\/media?parent=7078"}],"wp:term":[{"taxonomy":"category","embeddable":true,"href":"https:\/\/agora.xtec.cat\/ceip-ignasiiglesias-cornella\/wp-json\/wp\/v2\/categories?post=7078"},{"taxonomy":"post_tag","embeddable":true,"href":"https:\/\/agora.xtec.cat\/ceip-ignasiiglesias-cornella\/wp-json\/wp\/v2\/tags?post=7078"}],"curies":[{"name":"wp","href":"https:\/\/api.w.org\/{rel}","templated":true}]}}