{"id":7058,"date":"2023-05-18T13:01:22","date_gmt":"2023-05-18T11:01:22","guid":{"rendered":"https:\/\/agora.xtec.cat\/ceip-ignasiiglesias-cornella\/?p=7058"},"modified":"2023-05-18T13:21:46","modified_gmt":"2023-05-18T11:21:46","slug":"biblioteca-i-coeducacio-el-punt-lila-de-lignasi","status":"publish","type":"post","link":"https:\/\/agora.xtec.cat\/ceip-ignasiiglesias-cornella\/general\/biblioteca-i-coeducacio-el-punt-lila-de-lignasi\/","title":{"rendered":"BIBLIOTECA I COEDUCACI\u00d3.  EL PUNT LILA DE L\u2019IGNASI"},"content":{"rendered":"<p>Fa aproximadament un any, a la Biblioteca de l\u2019escola, vam instal\u00b7lar <em>El punt lila de l\u2019Ignasi. <\/em>La idea va partir de la necessitat de tenir un material espec\u00edfic, tant llibres com jocs o revistes, per impulsar al centre la coeducaci\u00f3 i la perspectiva de g\u00e8nere. Li vam dir punt lila perqu\u00e8 ja ten\u00edem, de fa temps, el <em>Punt verd de l\u2019Ignasi<\/em>, el lloc on sensibilitzem sobre la cura del medi ambient i la sostenibilitat; i tamb\u00e9 perqu\u00e8 el lila \u00e9s, internacionalment, el color que representa la lluita pels drets de les dones a tot el m\u00f3n i ens sentim molt identificades amb aquesta lluita.<\/p>\n<p>Per fer-ho, vam triar un espai de la biblioteca i hi vam posar\u00a0 un gran cartell, que el fes ben visible, i tot el material que vam considerar imprescindible en un punt d\u2019aquestes caracter\u00edstiques: llibres que ens recorden tot all\u00f2 que han fet les dones al llarg de la hist\u00f2ria i que no els hi ha estat reconegut; d\u2019altres que ens parlen sobre el perill de discriminar les persones pel seu g\u00e8nere o per les seves prefer\u00e8ncies; tamb\u00e9 llibres que ens expliquen que el contacte f\u00edsic, a qualsevol edat, ha de ser volgut i perm\u00e8s; llibres sobre educaci\u00f3 sexual; jocs que nom\u00e9s es poden guanyar si som capa\u00e7os de fer pinya&#8230; Vam catalogar tot aquest material segons la Classificaci\u00f3 Decimal Universal (que \u00e9s com es cataloga tot el material de les biblioteques), per\u00f2 afegint un gomet\u00a0 lila per tal que qualsevol que ho necessiti, el pugui trobar f\u00e0cilment.<\/p>\n<p><a href=\"https:\/\/agora.xtec.cat\/ceip-ignasiiglesias-cornella\/wp-content\/uploads\/usu1592\/2023\/05\/IMG_20220310_162348-re.jpg\"><img loading=\"lazy\" decoding=\"async\" class=\"wp-image-7065 alignleft\" src=\"https:\/\/agora.xtec.cat\/ceip-ignasiiglesias-cornella\/wp-content\/uploads\/usu1592\/2023\/05\/IMG_20220310_162348-re-227x300.jpg\" alt=\"\" width=\"400\" height=\"529\" srcset=\"https:\/\/agora.xtec.cat\/ceip-ignasiiglesias-cornella\/wp-content\/uploads\/usu1592\/2023\/05\/IMG_20220310_162348-re-227x300.jpg 227w, https:\/\/agora.xtec.cat\/ceip-ignasiiglesias-cornella\/wp-content\/uploads\/usu1592\/2023\/05\/IMG_20220310_162348-re-768x1016.jpg 768w, https:\/\/agora.xtec.cat\/ceip-ignasiiglesias-cornella\/wp-content\/uploads\/usu1592\/2023\/05\/IMG_20220310_162348-re.jpg 774w\" sizes=\"auto, (max-width: 400px) 100vw, 400px\" \/><\/a><\/p>\n<p>&nbsp;<\/p>\n<p>&nbsp;<\/p>\n<p>&nbsp;<\/p>\n<p>&nbsp;<\/p>\n<p><a href=\"https:\/\/agora.xtec.cat\/ceip-ignasiiglesias-cornella\/wp-content\/uploads\/usu1592\/2023\/05\/IMG_20220310_162233-re.jpg\"><img loading=\"lazy\" decoding=\"async\" class=\"wp-image-7064 size-medium alignleft\" src=\"https:\/\/agora.xtec.cat\/ceip-ignasiiglesias-cornella\/wp-content\/uploads\/usu1592\/2023\/05\/IMG_20220310_162233-re-251x300.jpg\" alt=\"\" width=\"251\" height=\"300\" srcset=\"https:\/\/agora.xtec.cat\/ceip-ignasiiglesias-cornella\/wp-content\/uploads\/usu1592\/2023\/05\/IMG_20220310_162233-re-251x300.jpg 251w, https:\/\/agora.xtec.cat\/ceip-ignasiiglesias-cornella\/wp-content\/uploads\/usu1592\/2023\/05\/IMG_20220310_162233-re-768x918.jpg 768w, https:\/\/agora.xtec.cat\/ceip-ignasiiglesias-cornella\/wp-content\/uploads\/usu1592\/2023\/05\/IMG_20220310_162233-re.jpg 857w\" sizes=\"auto, (max-width: 251px) 100vw, 251px\" \/><\/a><\/p>\n<p>&nbsp;<\/p>\n<p>&nbsp;<\/p>\n<p>&nbsp;<\/p>\n<p>&nbsp;<\/p>\n<p>&nbsp;<\/p>\n<p>&nbsp;<\/p>\n<p>&nbsp;<\/p>\n<p>&nbsp;<\/p>\n<p>Durant aquest any i poc, el nostre punt lila s\u2019ha mostrat viu i ha anat creixent. A m\u00e9s de l\u2019ampliaci\u00f3 de fons, el cartell de paper d\u2019embalar s\u2019ha convertit en un aparador i, aquest lloc, \u00e9s avui el punt de refer\u00e8ncia de les activitats dels dies 25 de novembre i 8 de mar\u00e7, entre d\u2019altres. Aqu\u00ed hem escrit frases molt significatives de dones que creiem importants i hem gravat els v\u00eddeos dels reptes que diversos grups de dones, de diferents disciplines, ens van enviar el <em>Dia Internacional de la Dona Treballadora<\/em>.<a href=\"https:\/\/agora.xtec.cat\/ceip-ignasiiglesias-cornella\/general\/reptes-musicals-del-8m\/\"> (enlla\u00e7 reptes 8m)<\/a><\/p>\n<p><a href=\"https:\/\/agora.xtec.cat\/ceip-ignasiiglesias-cornella\/wp-content\/uploads\/usu1592\/2023\/05\/IMG_20230504_124916-re.jpg\"><img loading=\"lazy\" decoding=\"async\" class=\"wp-image-7067 size-full aligncenter\" src=\"https:\/\/agora.xtec.cat\/ceip-ignasiiglesias-cornella\/wp-content\/uploads\/usu1592\/2023\/05\/IMG_20230504_124916-re.jpg\" alt=\"\" width=\"866\" height=\"1024\" srcset=\"https:\/\/agora.xtec.cat\/ceip-ignasiiglesias-cornella\/wp-content\/uploads\/usu1592\/2023\/05\/IMG_20230504_124916-re.jpg 866w, https:\/\/agora.xtec.cat\/ceip-ignasiiglesias-cornella\/wp-content\/uploads\/usu1592\/2023\/05\/IMG_20230504_124916-re-254x300.jpg 254w, https:\/\/agora.xtec.cat\/ceip-ignasiiglesias-cornella\/wp-content\/uploads\/usu1592\/2023\/05\/IMG_20230504_124916-re-768x908.jpg 768w\" sizes=\"auto, (max-width: 866px) 100vw, 866px\" \/><\/a><\/p>\n<p><a href=\"https:\/\/agora.xtec.cat\/ceip-ignasiiglesias-cornella\/wp-content\/uploads\/usu1592\/2023\/05\/IMG_20230504_124710-re.jpg\"><img loading=\"lazy\" decoding=\"async\" class=\"aligncenter wp-image-7066\" src=\"https:\/\/agora.xtec.cat\/ceip-ignasiiglesias-cornella\/wp-content\/uploads\/usu1592\/2023\/05\/IMG_20230504_124710-re.jpg\" alt=\"\" width=\"950\" height=\"593\" srcset=\"https:\/\/agora.xtec.cat\/ceip-ignasiiglesias-cornella\/wp-content\/uploads\/usu1592\/2023\/05\/IMG_20230504_124710-re.jpg 1024w, https:\/\/agora.xtec.cat\/ceip-ignasiiglesias-cornella\/wp-content\/uploads\/usu1592\/2023\/05\/IMG_20230504_124710-re-300x187.jpg 300w, https:\/\/agora.xtec.cat\/ceip-ignasiiglesias-cornella\/wp-content\/uploads\/usu1592\/2023\/05\/IMG_20230504_124710-re-768x479.jpg 768w\" sizes=\"auto, (max-width: 950px) 100vw, 950px\" \/><\/a><\/p>\n<p>El punt lila ens fa sentir orgulloses de la nostra petita aportaci\u00f3 en el\u00a0 cam\u00ed cap\u00a0 la igualtat de drets de les persones i procurarem mantenir-lo viu mentre aquesta no sigui una realitat.<\/p>\n<p><em>COMISSI\u00d3 DE BIBLIOTECA<\/em><\/p>\n<p>&nbsp;<\/p>\n<p>&nbsp;<\/p>\n<p>&nbsp;<\/p>\n<p>&nbsp;<\/p>\n<p>&nbsp;<\/p>\n<p>&nbsp;<\/p>\n<p>&nbsp;<\/p>\n<p>&nbsp;<\/p>\n<p>&nbsp;<\/p>\n","protected":false},"excerpt":{"rendered":"<p>Fa aproximadament un any, a la Biblioteca de l\u2019escola, vam instal\u00b7lar El punt lila de l\u2019Ignasi. La idea va partir de la necessitat de tenir un material espec\u00edfic, tant llibres com jocs o revistes, per impulsar al centre la coeducaci\u00f3 i la perspectiva de g\u00e8nere.&hellip;  <a href=\"https:\/\/agora.xtec.cat\/ceip-ignasiiglesias-cornella\/general\/biblioteca-i-coeducacio-el-punt-lila-de-lignasi\/\" title=\"Read BIBLIOTECA I COEDUCACI\u00d3.  EL PUNT LILA DE L\u2019IGNASI\">Llegeix m\u00e9s\u00bb<\/a><\/p>\n","protected":false},"author":52,"featured_media":7067,"comment_status":"open","ping_status":"closed","sticky":false,"template":"","format":"standard","meta":{"_bbp_topic_count":0,"_bbp_reply_count":0,"_bbp_total_topic_count":0,"_bbp_total_reply_count":0,"_bbp_voice_count":0,"_bbp_anonymous_reply_count":0,"_bbp_topic_count_hidden":0,"_bbp_reply_count_hidden":0,"_bbp_forum_subforum_count":0,"footnotes":""},"categories":[819,1,4],"tags":[982],"class_list":["post-7058","post","type-post","status-publish","format-standard","has-post-thumbnail","hentry","category-biblioteca","category-general","category-portada","tag-punt-lila"],"post_mailing_queue_ids":[],"_links":{"self":[{"href":"https:\/\/agora.xtec.cat\/ceip-ignasiiglesias-cornella\/wp-json\/wp\/v2\/posts\/7058","targetHints":{"allow":["GET"]}}],"collection":[{"href":"https:\/\/agora.xtec.cat\/ceip-ignasiiglesias-cornella\/wp-json\/wp\/v2\/posts"}],"about":[{"href":"https:\/\/agora.xtec.cat\/ceip-ignasiiglesias-cornella\/wp-json\/wp\/v2\/types\/post"}],"author":[{"embeddable":true,"href":"https:\/\/agora.xtec.cat\/ceip-ignasiiglesias-cornella\/wp-json\/wp\/v2\/users\/52"}],"replies":[{"embeddable":true,"href":"https:\/\/agora.xtec.cat\/ceip-ignasiiglesias-cornella\/wp-json\/wp\/v2\/comments?post=7058"}],"version-history":[{"count":3,"href":"https:\/\/agora.xtec.cat\/ceip-ignasiiglesias-cornella\/wp-json\/wp\/v2\/posts\/7058\/revisions"}],"predecessor-version":[{"id":7077,"href":"https:\/\/agora.xtec.cat\/ceip-ignasiiglesias-cornella\/wp-json\/wp\/v2\/posts\/7058\/revisions\/7077"}],"wp:featuredmedia":[{"embeddable":true,"href":"https:\/\/agora.xtec.cat\/ceip-ignasiiglesias-cornella\/wp-json\/wp\/v2\/media\/7067"}],"wp:attachment":[{"href":"https:\/\/agora.xtec.cat\/ceip-ignasiiglesias-cornella\/wp-json\/wp\/v2\/media?parent=7058"}],"wp:term":[{"taxonomy":"category","embeddable":true,"href":"https:\/\/agora.xtec.cat\/ceip-ignasiiglesias-cornella\/wp-json\/wp\/v2\/categories?post=7058"},{"taxonomy":"post_tag","embeddable":true,"href":"https:\/\/agora.xtec.cat\/ceip-ignasiiglesias-cornella\/wp-json\/wp\/v2\/tags?post=7058"}],"curies":[{"name":"wp","href":"https:\/\/api.w.org\/{rel}","templated":true}]}}