{"id":7022,"date":"2023-05-02T14:10:20","date_gmt":"2023-05-02T12:10:20","guid":{"rendered":"https:\/\/agora.xtec.cat\/ceip-ignasiiglesias-cornella\/?p=7022"},"modified":"2023-05-05T09:40:53","modified_gmt":"2023-05-05T07:40:53","slug":"jocs-florals-2023","status":"publish","type":"post","link":"https:\/\/agora.xtec.cat\/ceip-ignasiiglesias-cornella\/general\/jocs-florals-2023\/","title":{"rendered":"JOCS FLORALS 2023"},"content":{"rendered":"<p>El passat divendres 21 d&#8217;abril vam celebrar el lliurament de premis del Jocs Florals. A continuaci\u00f3 teniu la classificaci\u00f3. Per veure les produccions cliqueu el t\u00edtol.<\/p>\n<p>Per veure les fotos de l&#8217;acte accediu a les <a href=\"https:\/\/agora.xtec.cat\/ceip-ignasiiglesias-cornella\/galeria-de-fotos-curs-2022-2023\/\">galeries d&#8217;imatges.<\/a><\/p>\n<p><strong>CI<\/strong> categoria Dibuix amb text en <strong>llengua catalana<\/strong><br \/>\n<strong>1r classificat:<\/strong><br \/>\nPseud\u00f2nim- CARA NARIZ<br \/>\n<a href=\"https:\/\/drive.google.com\/file\/d\/1-Z0hc6ARb4YjgyZOjRD1zzk_dMRlhq4W\/view?usp=sharing\">T\u00edtol<\/a>&#8211; MAX I POL<br \/>\nAlumne- Pol de 2nB<\/p>\n<p><strong>2n classificat:<\/strong><br \/>\nPseud\u00f2nim- SALM\u00d3<br \/>\n<a href=\"https:\/\/drive.google.com\/file\/d\/1-IqdW7jOEwP_Nj1xRnOu1gdsSxE50TBx\/view?usp=sharing\">T\u00edtol<\/a>&#8211; L\u2019\u00d3S I EL SALM\u00d3<br \/>\nAlumne- Liam de 1rB<\/p>\n<p><strong>3r classificat:<\/strong><br \/>\nPseud\u00f2nim- \u00c0LEX<br \/>\n<a href=\"https:\/\/drive.google.com\/file\/d\/1-4SUdp7e9_TMOFYyXfKOfdhh5ki51kan\/view?usp=sharing\">T\u00edtol<\/a>&#8211; EL FALS SIMULACRE<br \/>\nAlumne- Daniel de 2nB<\/p>\n<p><strong>CM<\/strong><br \/>\n<span style=\"text-decoration: underline;\"><strong>Categoria Cal\u00b7ligrama<\/strong><\/span><br \/>\n<strong>1r classificat:<\/strong><br \/>\nPseud\u00f2nim- KIKA<br \/>\n<a href=\"https:\/\/drive.google.com\/file\/d\/1-fvn_KI9ZDoRR7vTnaulimyfd6-t6atd\/view?usp=sharing\">T\u00edtol<\/a>&#8211; L\u2019ALVOCAT<br \/>\nAlumna- Olga de\u00a0<span style=\"font-family: inherit; font-size: 1em;\">tB<\/span><\/p>\n<p><strong>2n classificat:<\/strong><br \/>\nPseud\u00f2nim- GIOTTO<br \/>\n<a href=\"https:\/\/drive.google.com\/file\/d\/1-eoj2g728EQPpdDCj9uVn_fFATJGPp-3\/view?usp=sharing\">T\u00edtol<\/a>&#8211; EL M\u00d3N<br \/>\nAlumna- Ona de 4tA<\/p>\n<p><strong>3r classificat:<\/strong><br \/>\nPseud\u00f2nim- LA LADI MARGARITA<br \/>\n<a href=\"https:\/\/drive.google.com\/file\/d\/1-d8nr0JMh5id3EiX2qkESGHvrp2hfEbQ\/view?usp=sharing\">T\u00edtol<\/a>&#8211; FLOR<br \/>\nAlumna- Giulia de 3rB<\/p>\n<p><span style=\"text-decoration: underline;\"><strong>Categoria Endevinalles<\/strong><\/span><br \/>\n<strong>1r classificat:<\/strong><br \/>\nPseud\u00f2nim- TAULA<br \/>\n<a href=\"https:\/\/drive.google.com\/file\/d\/102FwZ6K1Nq0HXZQUXDhRyWwRuhX7I-AY\/view?usp=sharing\">T\u00edtol<\/a>&#8211; ADIVINA ADIVINANZA<br \/>\nAlumne- Paula de 4tA<\/p>\n<p><strong>2n classificat:<\/strong><br \/>\nPseud\u00f2nim- TENESO 117<br \/>\n<a href=\"https:\/\/drive.google.com\/file\/d\/101RaQbmY41S5xiSfUKmzB4PV-xECe4US\/view?usp=sharing\">T\u00edtol<\/a>&#8211; PA\u00cdS<br \/>\nAlumne- Marc de 3rB<\/p>\n<p><strong>3r classificat:<\/strong><br \/>\nPseud\u00f2nim- BRUNO<br \/>\n<a href=\"https:\/\/drive.google.com\/file\/d\/101R5RUjYRfqcOKnmi6lIKjz6dVI9NsDx\/view?usp=sharing\">T\u00edtol<\/a>&#8211; ADIVINANZA<br \/>\nAlumne- Abraham de 4tA<\/p>\n<p><span style=\"text-decoration: underline;\"><strong>Categoria Prosa<\/strong><\/span><br \/>\n<strong>1r classificat:<\/strong><br \/>\nPseud\u00f2nim- INDESTRUCTIBLE<br \/>\n<a href=\"https:\/\/drive.google.com\/file\/d\/1-Ltukq9S3TflikzkHs8eMYfV3ZXN8Kvk\/view?usp=sharing\">T\u00edtol<\/a>&#8211; EL CAVALLER GALETA<br \/>\nAlumne- \u00c0lex de 3rA<\/p>\n<p><strong>2n classificat:<\/strong><br \/>\nPseud\u00f2nim- LES ESTRELLETES<br \/>\n<a href=\"https:\/\/drive.google.com\/file\/d\/1-zLMpToCLgDJkTovB-PYGXpHSlvdAeQy\/view?usp=sharing\">T\u00edtol<\/a>&#8211; LA ESTRELLA<br \/>\nAlumna- Desire de 3rB<\/p>\n<p><strong>3r classificat:<\/strong><br \/>\nPseud\u00f2nim- LAURA M\u00c9NDEZ<br \/>\n<a href=\"https:\/\/drive.google.com\/file\/d\/1-x6SHul_OtjuRAylJS3ErqrQEoUgjG7W\/view?usp=sharing\">T\u00edtol<\/a>&#8211; UNA NIT A PORT AVENTURA<br \/>\nAlumna- Jana de 4tB<br \/>\n<strong>CS<\/strong><br \/>\n<span style=\"text-decoration: underline;\"><strong>Categoria Poema<\/strong><\/span><br \/>\n<strong>1r classificat:<\/strong><br \/>\nPseud\u00f2nim- MAR<br \/>\n<a href=\"https:\/\/drive.google.com\/file\/d\/10RvZr7SJtaHLwBpUMP8mFPT_ifcVo6Rx\/view?usp=sharing\">T\u00edtol<\/a>&#8211; EL CARNAVAL<br \/>\nAlumna- Melina de 6\u00e8B<\/p>\n<p><strong>2n classificat:<\/strong><br \/>\nPseud\u00f2nim- NADIA<br \/>\n<a href=\"https:\/\/drive.google.com\/file\/d\/10Q_OJWX8IUWfEKjGXuQYaMZG_KlYulTA\/view?usp=sharing\">T\u00edtol<\/a>&#8211; COLEGIO<br \/>\nAlumna- Alexia de 5\u00e8A<\/p>\n<p><strong>3r classificat:<\/strong><br \/>\nPseud\u00f2nim- SADIE SINK<br \/>\n<a href=\"https:\/\/drive.google.com\/file\/d\/10OZ0c-P6tDDfyr50RWG_OOKC0rdlVmiE\/view?usp=sharing\">T\u00edtol<\/a>&#8211; EL BOSQUE<br \/>\nAlumna- Alejandra de 5\u00e8B<\/p>\n<p><span style=\"text-decoration: underline;\"><strong>Categoria Prosa<\/strong><\/span><br \/>\n<strong>1r classificat:<\/strong><br \/>\nPseud\u00f2nim- KIKI<br \/>\n<a href=\"https:\/\/drive.google.com\/file\/d\/10EnJQ9xfVVYVm5fEZxA8FXhVgdVBa6ma\/view?usp=sharing\">T\u00edtol<\/a>&#8211; EL CAMPAMENT DEL TERROR<br \/>\nAlumna- G\u00e9nesis de 5\u00e8B<br \/>\n<strong>2n classificat:<\/strong><br \/>\nPseud\u00f2nim- GIRAPU 21<br \/>\n<a href=\"https:\/\/drive.google.com\/file\/d\/10DPBHC9WRtFgWakoARjY-22j0qRnwBOC\/view?usp=sharing\">T\u00edtol<\/a>&#8211; UN M\u00d3N DESENDRESSAT<br \/>\nAlumna- Gina de 5\u00e8B<\/p>\n<p><strong>3r classificat:<\/strong><br \/>\nPseud\u00f2nim- PAPALLONA<br \/>\n<a href=\"https:\/\/drive.google.com\/file\/d\/103yQPpBtrPtwVG0fmfciwmOF9DNJB3jR\/view?usp=sharing\">T\u00edtol<\/a>&#8211; EL CAS DE LA MALETA PERDUDA<br \/>\nAlumna- Marta de 6\u00e8A<br \/>\n<span style=\"text-decoration: underline;\"><strong>Categoria C\u00f2mic<\/strong><\/span><br \/>\n<strong>1r classificat:<\/strong><br \/>\nPseud\u00f2nim- HERMION<br \/>\n<a href=\"https:\/\/drive.google.com\/file\/d\/103To5eWztCzB89WmGeqveLihF96lS5CY\/view?usp=sharing\">T\u00edtol<\/a>&#8211; EL NEN QUE JUGA A F\u00daTBOL<br \/>\nAlumna- MERITXELL\u00a0 5\u00e8A<br \/>\n<strong>2n classificat:<\/strong><br \/>\nPseud\u00f2nim- LIBRA 12345<br \/>\n<a href=\"https:\/\/drive.google.com\/file\/d\/103EzUmoB5zPYv3dr0IhQQK5dQgcWt81t\/view?usp=sharing\">T\u00edtol<\/a>&#8211; AMISTAT DE VERITAT<br \/>\nAlumna- Luc\u00eda de 6\u00e8A<br \/>\n<strong>3r classificat:<\/strong><br \/>\nPseud\u00f2nim- MARUXA<br \/>\n<a href=\"https:\/\/drive.google.com\/file\/d\/102dJsbvNN9CRt1lDelq74Bq3luypz_qs\/view?usp=sharing\">T\u00edtol<\/a>&#8211; AMICS<br \/>\nAlumna- Maryam de 6\u00e8B<br \/>\n<strong>PREMIS HONOR\u00cdFICS<\/strong><br \/>\n<strong>CI<\/strong><br \/>\n<strong>A L\u2019ORIGINALITAT:<\/strong><br \/>\nPseud\u00f2nim- ELEFANT<br \/>\n<a href=\"https:\/\/drive.google.com\/file\/d\/10eIVlUhbKKOOgnpNCelHBsxiclgJiIP1\/view?usp=sharing\">T\u00edtol<\/a>&#8211; L\u2019ELEFANT<br \/>\nAlumne- Joel de 2nB<\/p>\n<p><strong>A L\u2019ESFOR\u00c7:<\/strong><br \/>\nPseud\u00f2nim- TIGI<br \/>\n<a href=\"https:\/\/drive.google.com\/file\/d\/10YRiXKPCEaExDotL6YuxFRYbECKrbeTI\/view?usp=sharing\">T\u00edtol<\/a>&#8211; Les Flors<br \/>\nAlumne- Thiago de 1rA<\/p>\n<p><strong>CM<\/strong><br \/>\n<strong>A L\u2019ORIGINALITAT:<\/strong><br \/>\nPseud\u00f2nim- DUENDE<br \/>\n<a href=\"https:\/\/drive.google.com\/file\/d\/10mIzw4mj6wPp7NQY3SWv-Xsc3D9-OxZm\/view?usp=sharing\">T\u00edtol<\/a>&#8211; OJO DE PELUCHE<br \/>\nAlumne- Andr\u00e9 de 4tB<\/p>\n<p><strong>A L\u2019ESFOR\u00c7:<\/strong><br \/>\nPseud\u00f2nim- MESSI<br \/>\n<a href=\"https:\/\/drive.google.com\/file\/d\/10jNGQfSOUzrL9cCPyfSJR_TGQEBq1tAd\/view?usp=sharing\">T\u00edtol<\/a>&#8211; EL TIBUR\u00d3N<br \/>\nAlumne- Alexander de 3rA<\/p>\n<p><strong>CS<\/strong><br \/>\n<strong>A L\u2019ORIGINALITAT:<\/strong><br \/>\nPseud\u00f2nim- IRON MAN<br \/>\n<a href=\"https:\/\/drive.google.com\/file\/d\/112PPyq60vXb6DaAzz22G0YhhRJIK9_OV\/view?usp=sharing\">T\u00edtol<\/a>&#8211; ELS ALIMENTS<br \/>\nAlumne- Felipe de 5\u00e8A<\/p>\n<p><strong>A L\u2019ESFOR\u00c7:<\/strong><br \/>\nPseud\u00f2nim- FERRAN<br \/>\n<a href=\"https:\/\/drive.google.com\/file\/d\/10qXI12YEoR4UcCEIyUZdoCxuoi6BWumz\/view?usp=sharing\">T\u00edtol<\/a>&#8211; LAS PERSONAS QUE NO TIENEN DONDE VIVIR<br \/>\nAlumne- Mohamed de 6\u00e8A<\/p>\n","protected":false},"excerpt":{"rendered":"<p>El passat divendres 21 d&#8217;abril vam celebrar el lliurament de premis del Jocs Florals. A continuaci\u00f3 teniu la classificaci\u00f3. Per veure les produccions cliqueu el t\u00edtol.<br \/>\nPer veure les fotos de l&#8217;acte accediu a les <a href=\"https:\/\/agora.xtec.cat\/ceip-ignasiiglesias-cornella\/galeria-de-fotos-curs-2022-2023\/\">galeries d&#8217;imatges.<\/a><br \/>\nCI categoria Dibuix amb text en llengua catalana<br \/>\n1r classificat:<br \/>\nPseud\u00f2nim-&hellip;  <a href=\"https:\/\/agora.xtec.cat\/ceip-ignasiiglesias-cornella\/general\/jocs-florals-2023\/\" title=\"Read JOCS FLORALS 2023\">Llegeix m\u00e9s\u00bb<\/a><\/p>\n","protected":false},"author":77,"featured_media":7017,"comment_status":"open","ping_status":"closed","sticky":false,"template":"","format":"standard","meta":{"_bbp_topic_count":0,"_bbp_reply_count":0,"_bbp_total_topic_count":0,"_bbp_total_reply_count":0,"_bbp_voice_count":0,"_bbp_anonymous_reply_count":0,"_bbp_topic_count_hidden":0,"_bbp_reply_count_hidden":0,"_bbp_forum_subforum_count":0,"footnotes":""},"categories":[10,12,14,1,2,3,8,9,4],"tags":[879],"class_list":["post-7022","post","type-post","status-publish","format-standard","has-post-thumbnail","hentry","category-cicle-inicial","category-cicle-mitja","category-cicle-superior","category-general","category-infantil","category-p3","category-p4","category-p5","category-portada","tag-jocs-florals"],"post_mailing_queue_ids":[],"_links":{"self":[{"href":"https:\/\/agora.xtec.cat\/ceip-ignasiiglesias-cornella\/wp-json\/wp\/v2\/posts\/7022","targetHints":{"allow":["GET"]}}],"collection":[{"href":"https:\/\/agora.xtec.cat\/ceip-ignasiiglesias-cornella\/wp-json\/wp\/v2\/posts"}],"about":[{"href":"https:\/\/agora.xtec.cat\/ceip-ignasiiglesias-cornella\/wp-json\/wp\/v2\/types\/post"}],"author":[{"embeddable":true,"href":"https:\/\/agora.xtec.cat\/ceip-ignasiiglesias-cornella\/wp-json\/wp\/v2\/users\/77"}],"replies":[{"embeddable":true,"href":"https:\/\/agora.xtec.cat\/ceip-ignasiiglesias-cornella\/wp-json\/wp\/v2\/comments?post=7022"}],"version-history":[{"count":4,"href":"https:\/\/agora.xtec.cat\/ceip-ignasiiglesias-cornella\/wp-json\/wp\/v2\/posts\/7022\/revisions"}],"predecessor-version":[{"id":7053,"href":"https:\/\/agora.xtec.cat\/ceip-ignasiiglesias-cornella\/wp-json\/wp\/v2\/posts\/7022\/revisions\/7053"}],"wp:featuredmedia":[{"embeddable":true,"href":"https:\/\/agora.xtec.cat\/ceip-ignasiiglesias-cornella\/wp-json\/wp\/v2\/media\/7017"}],"wp:attachment":[{"href":"https:\/\/agora.xtec.cat\/ceip-ignasiiglesias-cornella\/wp-json\/wp\/v2\/media?parent=7022"}],"wp:term":[{"taxonomy":"category","embeddable":true,"href":"https:\/\/agora.xtec.cat\/ceip-ignasiiglesias-cornella\/wp-json\/wp\/v2\/categories?post=7022"},{"taxonomy":"post_tag","embeddable":true,"href":"https:\/\/agora.xtec.cat\/ceip-ignasiiglesias-cornella\/wp-json\/wp\/v2\/tags?post=7022"}],"curies":[{"name":"wp","href":"https:\/\/api.w.org\/{rel}","templated":true}]}}