{"id":7005,"date":"2023-04-25T10:37:22","date_gmt":"2023-04-25T08:37:22","guid":{"rendered":"https:\/\/agora.xtec.cat\/ceip-ignasiiglesias-cornella\/?p=7005"},"modified":"2023-04-25T11:39:58","modified_gmt":"2023-04-25T09:39:58","slug":"3r-educacio-viaria","status":"publish","type":"post","link":"https:\/\/agora.xtec.cat\/ceip-ignasiiglesias-cornella\/general\/3r-educacio-viaria\/","title":{"rendered":"3r &#8211; Educaci\u00f3 vi\u00e0ria"},"content":{"rendered":"<p>L\u2019educaci\u00f3 vi\u00e0ria \u00e9s un tema que ens ha cridat molt l\u2019atenci\u00f3 aquest curs a Medi. En un itinerari, hem parlat sobre les senyals que hi trobem al carrer, que signifiquen i ens hem preguntat si quan utilitzem les bicicletes o patinets respectem les senyals.<\/p>\n<p>Hem preparat un petit circuit al gimn\u00e0s, intentant simular el carrer i amb les seves senyals de\u00a0 tr\u00e0nsit.<\/p>\n<p>Aqu\u00ed us deixem el resultat de la nostra experi\u00e8ncia. <a href=\"https:\/\/agora.xtec.cat\/ceip-ignasiiglesias-cornella\/galeria-de-fotos-curs-2022-2023\/\">Clica aqu\u00ed.<\/a><\/p>\n<p>&nbsp;<\/p>\n","protected":false},"excerpt":{"rendered":"<p>L\u2019educaci\u00f3 vi\u00e0ria \u00e9s un tema que ens ha cridat molt l\u2019atenci\u00f3 aquest curs a Medi. En un itinerari, hem parlat sobre les senyals que hi trobem al carrer, que signifiquen i ens hem preguntat si quan utilitzem les bicicletes o patinets respectem les senyals.<br \/>\nHem preparat&hellip;  <a href=\"https:\/\/agora.xtec.cat\/ceip-ignasiiglesias-cornella\/general\/3r-educacio-viaria\/\" title=\"Read 3r &#8211; Educaci\u00f3 vi\u00e0ria\">Llegeix m\u00e9s\u00bb<\/a><\/p>\n","protected":false},"author":4,"featured_media":7009,"comment_status":"open","ping_status":"closed","sticky":false,"template":"","format":"standard","meta":{"_bbp_topic_count":0,"_bbp_reply_count":0,"_bbp_total_topic_count":0,"_bbp_total_reply_count":0,"_bbp_voice_count":0,"_bbp_anonymous_reply_count":0,"_bbp_topic_count_hidden":0,"_bbp_reply_count_hidden":0,"_bbp_forum_subforum_count":0,"footnotes":""},"categories":[920,12,1,4,5],"tags":[174,981,195],"class_list":["post-7005","post","type-post","status-publish","format-standard","has-post-thumbnail","hentry","category-3r","category-cicle-mitja","category-general","category-portada","category-primaria","tag-3r","tag-educacio-viaria","tag-medi"],"post_mailing_queue_ids":[],"_links":{"self":[{"href":"https:\/\/agora.xtec.cat\/ceip-ignasiiglesias-cornella\/wp-json\/wp\/v2\/posts\/7005","targetHints":{"allow":["GET"]}}],"collection":[{"href":"https:\/\/agora.xtec.cat\/ceip-ignasiiglesias-cornella\/wp-json\/wp\/v2\/posts"}],"about":[{"href":"https:\/\/agora.xtec.cat\/ceip-ignasiiglesias-cornella\/wp-json\/wp\/v2\/types\/post"}],"author":[{"embeddable":true,"href":"https:\/\/agora.xtec.cat\/ceip-ignasiiglesias-cornella\/wp-json\/wp\/v2\/users\/4"}],"replies":[{"embeddable":true,"href":"https:\/\/agora.xtec.cat\/ceip-ignasiiglesias-cornella\/wp-json\/wp\/v2\/comments?post=7005"}],"version-history":[{"count":1,"href":"https:\/\/agora.xtec.cat\/ceip-ignasiiglesias-cornella\/wp-json\/wp\/v2\/posts\/7005\/revisions"}],"predecessor-version":[{"id":7007,"href":"https:\/\/agora.xtec.cat\/ceip-ignasiiglesias-cornella\/wp-json\/wp\/v2\/posts\/7005\/revisions\/7007"}],"wp:featuredmedia":[{"embeddable":true,"href":"https:\/\/agora.xtec.cat\/ceip-ignasiiglesias-cornella\/wp-json\/wp\/v2\/media\/7009"}],"wp:attachment":[{"href":"https:\/\/agora.xtec.cat\/ceip-ignasiiglesias-cornella\/wp-json\/wp\/v2\/media?parent=7005"}],"wp:term":[{"taxonomy":"category","embeddable":true,"href":"https:\/\/agora.xtec.cat\/ceip-ignasiiglesias-cornella\/wp-json\/wp\/v2\/categories?post=7005"},{"taxonomy":"post_tag","embeddable":true,"href":"https:\/\/agora.xtec.cat\/ceip-ignasiiglesias-cornella\/wp-json\/wp\/v2\/tags?post=7005"}],"curies":[{"name":"wp","href":"https:\/\/api.w.org\/{rel}","templated":true}]}}