{"id":7002,"date":"2023-04-25T10:29:51","date_gmt":"2023-04-25T08:29:51","guid":{"rendered":"https:\/\/agora.xtec.cat\/ceip-ignasiiglesias-cornella\/?p=7002"},"modified":"2023-04-25T11:40:38","modified_gmt":"2023-04-25T09:40:38","slug":"3r-a-sortides-ajuntament-i-riu-llobregat","status":"publish","type":"post","link":"https:\/\/agora.xtec.cat\/ceip-ignasiiglesias-cornella\/general\/3r-a-sortides-ajuntament-i-riu-llobregat\/","title":{"rendered":"3r A &#8211; Sortides Ajuntament i Riu Llobregat"},"content":{"rendered":"<p style=\"text-align: left;\">Aquest 3r trimestre l&#8217;hem comen\u00e7at com vam acabar el 2n, fent sortides. \u00a0Aquestes dues ens han agradat molt perqu\u00e8 han estat, sobretot, molt diferents entre s\u00ed.<\/p>\n<p style=\"text-align: left;\">El passat 13 d\u2019abril vam anar al riu Llobregat. Un lloc on normalment hi trobem molta gent i mai ens hav\u00edem plantejat quin tipus de vegetaci\u00f3 i fauna podem trobar aqu\u00ed. Ens va agradar molt treballar aquesta part d\u2019exploradors i exploradores que no sab\u00edem que ten\u00edem.<\/p>\n<p style=\"text-align: left;\">I, el passat 20 d\u2019abril, vam anar a l\u2019Ajuntament a con\u00e8ixer el nostre alcalde, Antonio Balm\u00f3n. Al principi, vam tenir una mica de vergonya per\u00f2 amb la confian\u00e7a que ens va donar l\u2019alcalde, vam ser uns i unes periodistes molt professionals.<\/p>\n<p style=\"text-align: left;\">Aqu\u00ed <a href=\"https:\/\/agora.xtec.cat\/ceip-ignasiiglesias-cornella\/galeria-de-fotos-curs-2022-2023\/\">enllacem<\/a> algunes de les fotos que vam fer a les dues sortides.<\/p>\n<p>&nbsp;<\/p>\n","protected":false},"excerpt":{"rendered":"<p>Aquest 3r trimestre l&#8217;hem comen\u00e7at com vam acabar el 2n, fent sortides. \u00a0Aquestes dues ens han agradat molt perqu\u00e8 han estat, sobretot, molt diferents entre s\u00ed.<br \/>\nEl passat 13 d\u2019abril vam anar al riu Llobregat. Un lloc on normalment hi trobem molta gent i mai ens&hellip;  <a href=\"https:\/\/agora.xtec.cat\/ceip-ignasiiglesias-cornella\/general\/3r-a-sortides-ajuntament-i-riu-llobregat\/\" title=\"Read 3r A &#8211; Sortides Ajuntament i Riu Llobregat\">Llegeix m\u00e9s\u00bb<\/a><\/p>\n","protected":false},"author":4,"featured_media":7006,"comment_status":"open","ping_status":"closed","sticky":false,"template":"","format":"standard","meta":{"_bbp_topic_count":0,"_bbp_reply_count":0,"_bbp_total_topic_count":0,"_bbp_total_reply_count":0,"_bbp_voice_count":0,"_bbp_anonymous_reply_count":0,"_bbp_topic_count_hidden":0,"_bbp_reply_count_hidden":0,"_bbp_forum_subforum_count":0,"footnotes":""},"categories":[920,12,1,4,899],"tags":[980,431,941,141],"class_list":["post-7002","post","type-post","status-publish","format-standard","has-post-thumbnail","hentry","category-3r","category-cicle-mitja","category-general","category-portada","category-sortida","tag-3ra","tag-ajuntament","tag-riu-3r","tag-sortida"],"post_mailing_queue_ids":[],"_links":{"self":[{"href":"https:\/\/agora.xtec.cat\/ceip-ignasiiglesias-cornella\/wp-json\/wp\/v2\/posts\/7002","targetHints":{"allow":["GET"]}}],"collection":[{"href":"https:\/\/agora.xtec.cat\/ceip-ignasiiglesias-cornella\/wp-json\/wp\/v2\/posts"}],"about":[{"href":"https:\/\/agora.xtec.cat\/ceip-ignasiiglesias-cornella\/wp-json\/wp\/v2\/types\/post"}],"author":[{"embeddable":true,"href":"https:\/\/agora.xtec.cat\/ceip-ignasiiglesias-cornella\/wp-json\/wp\/v2\/users\/4"}],"replies":[{"embeddable":true,"href":"https:\/\/agora.xtec.cat\/ceip-ignasiiglesias-cornella\/wp-json\/wp\/v2\/comments?post=7002"}],"version-history":[{"count":2,"href":"https:\/\/agora.xtec.cat\/ceip-ignasiiglesias-cornella\/wp-json\/wp\/v2\/posts\/7002\/revisions"}],"predecessor-version":[{"id":7004,"href":"https:\/\/agora.xtec.cat\/ceip-ignasiiglesias-cornella\/wp-json\/wp\/v2\/posts\/7002\/revisions\/7004"}],"wp:featuredmedia":[{"embeddable":true,"href":"https:\/\/agora.xtec.cat\/ceip-ignasiiglesias-cornella\/wp-json\/wp\/v2\/media\/7006"}],"wp:attachment":[{"href":"https:\/\/agora.xtec.cat\/ceip-ignasiiglesias-cornella\/wp-json\/wp\/v2\/media?parent=7002"}],"wp:term":[{"taxonomy":"category","embeddable":true,"href":"https:\/\/agora.xtec.cat\/ceip-ignasiiglesias-cornella\/wp-json\/wp\/v2\/categories?post=7002"},{"taxonomy":"post_tag","embeddable":true,"href":"https:\/\/agora.xtec.cat\/ceip-ignasiiglesias-cornella\/wp-json\/wp\/v2\/tags?post=7002"}],"curies":[{"name":"wp","href":"https:\/\/api.w.org\/{rel}","templated":true}]}}