{"id":6980,"date":"2023-03-30T09:00:37","date_gmt":"2023-03-30T07:00:37","guid":{"rendered":"https:\/\/agora.xtec.cat\/ceip-ignasiiglesias-cornella\/?p=6980"},"modified":"2023-03-30T01:05:35","modified_gmt":"2023-03-29T23:05:35","slug":"ci-i-cm-la-maquina-del-so","status":"publish","type":"post","link":"https:\/\/agora.xtec.cat\/ceip-ignasiiglesias-cornella\/portada\/ci-i-cm-la-maquina-del-so\/","title":{"rendered":"CI i CM La m\u00e0quina del so"},"content":{"rendered":"<p>Aquest trimestre els infants de 1r, 2n, 3r i 4t, han anat a veure l&#8217;espectacle: La m\u00e0quina del so a l&#8217;auditori de Sant Ildefons.<\/p>\n<p>Des que l\u2019home \u00e9s home s\u2019han constru\u00eft instruments per poder fer sons. Des del so produ\u00eft pel vent en una canya fins a la flauta i un reclam d\u2019ocells i amb el pas dels segles tota mena de sofisticats instruments musicals. En els nostres dies a m\u00e9s s\u2019utilitzen les noves tecnologies com a manera de produir sons mai escoltats. En Pep Gol ha dissenyat una m\u00e0quina per poder veure i entendre que s\u00f3n els seq\u00fcenciadors, els loops, els samplers i introduir-nos en el m\u00f3n de la inform\u00e0tica aplicada a la m\u00fasica.<\/p>\n<p>Accediu a la <a href=\"https:\/\/agora.xtec.cat\/ceip-ignasiiglesias-cornella\/galeria-de-fotos-curs-2022-2023\/\">galeria d&#8217;imatges<\/a> per veure videos i fotos de l&#8217;espectacle.<\/p>\n<p>&nbsp;<\/p>\n","protected":false},"excerpt":{"rendered":"<p>Aquest trimestre els infants de 1r, 2n, 3r i 4t, han anat a veure l&#8217;espectacle: La m\u00e0quina del so a l&#8217;auditori de Sant Ildefons.<br \/>\nDes que l\u2019home \u00e9s home s\u2019han constru\u00eft instruments per poder fer sons. Des del so produ\u00eft pel vent en una canya fins&hellip;  <a href=\"https:\/\/agora.xtec.cat\/ceip-ignasiiglesias-cornella\/portada\/ci-i-cm-la-maquina-del-so\/\" title=\"Read CI i CM La m\u00e0quina del so\">Llegeix m\u00e9s\u00bb<\/a><\/p>\n","protected":false},"author":4,"featured_media":6981,"comment_status":"open","ping_status":"closed","sticky":false,"template":"","format":"standard","meta":{"_bbp_topic_count":0,"_bbp_reply_count":0,"_bbp_total_topic_count":0,"_bbp_total_reply_count":0,"_bbp_voice_count":0,"_bbp_anonymous_reply_count":0,"_bbp_topic_count_hidden":0,"_bbp_reply_count_hidden":0,"_bbp_forum_subforum_count":0,"footnotes":""},"categories":[10,12,72,4],"tags":[114,978,979],"class_list":["post-6980","post","type-post","status-publish","format-standard","has-post-thumbnail","hentry","category-cicle-inicial","category-cicle-mitja","category-musica","category-portada","tag-musica-harmonica-5e","tag-so","tag-sons"],"post_mailing_queue_ids":[],"_links":{"self":[{"href":"https:\/\/agora.xtec.cat\/ceip-ignasiiglesias-cornella\/wp-json\/wp\/v2\/posts\/6980","targetHints":{"allow":["GET"]}}],"collection":[{"href":"https:\/\/agora.xtec.cat\/ceip-ignasiiglesias-cornella\/wp-json\/wp\/v2\/posts"}],"about":[{"href":"https:\/\/agora.xtec.cat\/ceip-ignasiiglesias-cornella\/wp-json\/wp\/v2\/types\/post"}],"author":[{"embeddable":true,"href":"https:\/\/agora.xtec.cat\/ceip-ignasiiglesias-cornella\/wp-json\/wp\/v2\/users\/4"}],"replies":[{"embeddable":true,"href":"https:\/\/agora.xtec.cat\/ceip-ignasiiglesias-cornella\/wp-json\/wp\/v2\/comments?post=6980"}],"version-history":[{"count":2,"href":"https:\/\/agora.xtec.cat\/ceip-ignasiiglesias-cornella\/wp-json\/wp\/v2\/posts\/6980\/revisions"}],"predecessor-version":[{"id":6983,"href":"https:\/\/agora.xtec.cat\/ceip-ignasiiglesias-cornella\/wp-json\/wp\/v2\/posts\/6980\/revisions\/6983"}],"wp:featuredmedia":[{"embeddable":true,"href":"https:\/\/agora.xtec.cat\/ceip-ignasiiglesias-cornella\/wp-json\/wp\/v2\/media\/6981"}],"wp:attachment":[{"href":"https:\/\/agora.xtec.cat\/ceip-ignasiiglesias-cornella\/wp-json\/wp\/v2\/media?parent=6980"}],"wp:term":[{"taxonomy":"category","embeddable":true,"href":"https:\/\/agora.xtec.cat\/ceip-ignasiiglesias-cornella\/wp-json\/wp\/v2\/categories?post=6980"},{"taxonomy":"post_tag","embeddable":true,"href":"https:\/\/agora.xtec.cat\/ceip-ignasiiglesias-cornella\/wp-json\/wp\/v2\/tags?post=6980"}],"curies":[{"name":"wp","href":"https:\/\/api.w.org\/{rel}","templated":true}]}}