{"id":6961,"date":"2023-03-27T13:21:34","date_gmt":"2023-03-27T11:21:34","guid":{"rendered":"https:\/\/agora.xtec.cat\/ceip-ignasiiglesias-cornella\/?p=6961"},"modified":"2023-03-27T13:21:34","modified_gmt":"2023-03-27T11:21:34","slug":"8-de-marc-2023-dia-de-la-dona","status":"publish","type":"post","link":"https:\/\/agora.xtec.cat\/ceip-ignasiiglesias-cornella\/general\/8-de-marc-2023-dia-de-la-dona\/","title":{"rendered":"8 de MAR\u00c7 2023 DIA DE LA DONA"},"content":{"rendered":"<p style=\"text-align: left;\">A l\u2019Ignasi, el dia de la dona \u00e9s un dia molt important ja que rememorem el dret a la defensa de la dona treballadora. I com som molt treballadors\/es, vam compartir entre PADRINS i FILLOLS la participaci\u00f3 d\u2019uns tallers d\u2019all\u00f2 m\u00e9s engrescadors!<\/p>\n<p style=\"text-align: left;\">Un va ser de pintar ungles, tots i totes ens vam pintar les ungles ajudats pels nostres padrins i padrines i ens van quedar molt millor del que pens\u00e0vem! El pols tremolava al principi per\u00f2 despr\u00e9s ja ens va sortir molt millor.<\/p>\n<p style=\"text-align: left;\">L\u2019altre va ser de creaci\u00f3 art\u00edstica amb drapet de diferents tons de lila i filferro. Vam fer cercles i cors de diferents mides i hem decorat les classes i les parets dels passadissos. Tamb\u00e9 vam fer pompons i d&#8217;altres creacions!<\/p>\n<p style=\"text-align: left;\">Va ser un dia bonic per COMPARTIR I CONVIURE!<\/p>\n<p>Si voleu veure les imatges d&#8217;aquest dia podeu clicar la foto, tamb\u00e9 podeu dirigir-vos a la galeria d&#8217;imatges, a Moments d&#8217;aula.<\/p>\n<p style=\"text-align: center;\"><a href=\"https:\/\/photos.app.goo.gl\/pfqWXDgX9DhnJGCbA\"><img loading=\"lazy\" decoding=\"async\" class=\"alignnone size-full wp-image-6963\" src=\"https:\/\/agora.xtec.cat\/ceip-ignasiiglesias-cornella\/wp-content\/uploads\/usu1592\/2023\/03\/dona.jpeg\" alt=\"\" width=\"600\" height=\"300\" srcset=\"https:\/\/agora.xtec.cat\/ceip-ignasiiglesias-cornella\/wp-content\/uploads\/usu1592\/2023\/03\/dona.jpeg 600w, https:\/\/agora.xtec.cat\/ceip-ignasiiglesias-cornella\/wp-content\/uploads\/usu1592\/2023\/03\/dona-300x150.jpeg 300w\" sizes=\"auto, (max-width: 600px) 100vw, 600px\" \/><\/a><\/p>\n","protected":false},"excerpt":{"rendered":"<p>A l\u2019Ignasi, el dia de la dona \u00e9s un dia molt important ja que rememorem el dret a la defensa de la dona treballadora. I com som molt treballadors\/es, vam compartir entre PADRINS i FILLOLS la participaci\u00f3 d\u2019uns tallers d\u2019all\u00f2 m\u00e9s engrescadors!<br \/>\nUn va ser de&hellip;  <a href=\"https:\/\/agora.xtec.cat\/ceip-ignasiiglesias-cornella\/general\/8-de-marc-2023-dia-de-la-dona\/\" title=\"Read 8 de MAR\u00c7 2023 DIA DE LA DONA\">Llegeix m\u00e9s\u00bb<\/a><\/p>\n","protected":false},"author":1,"featured_media":6963,"comment_status":"closed","ping_status":"closed","sticky":false,"template":"","format":"standard","meta":{"_bbp_topic_count":0,"_bbp_reply_count":0,"_bbp_total_topic_count":0,"_bbp_total_reply_count":0,"_bbp_voice_count":0,"_bbp_anonymous_reply_count":0,"_bbp_topic_count_hidden":0,"_bbp_reply_count_hidden":0,"_bbp_forum_subforum_count":0,"footnotes":""},"categories":[10,12,14,1,2,4],"tags":[716,715],"class_list":["post-6961","post","type-post","status-publish","format-standard","has-post-thumbnail","hentry","category-cicle-inicial","category-cicle-mitja","category-cicle-superior","category-general","category-infantil","category-portada","tag-dia-de-la-dona","tag-dona"],"post_mailing_queue_ids":[],"_links":{"self":[{"href":"https:\/\/agora.xtec.cat\/ceip-ignasiiglesias-cornella\/wp-json\/wp\/v2\/posts\/6961","targetHints":{"allow":["GET"]}}],"collection":[{"href":"https:\/\/agora.xtec.cat\/ceip-ignasiiglesias-cornella\/wp-json\/wp\/v2\/posts"}],"about":[{"href":"https:\/\/agora.xtec.cat\/ceip-ignasiiglesias-cornella\/wp-json\/wp\/v2\/types\/post"}],"author":[{"embeddable":true,"href":"https:\/\/agora.xtec.cat\/ceip-ignasiiglesias-cornella\/wp-json\/wp\/v2\/users\/1"}],"replies":[{"embeddable":true,"href":"https:\/\/agora.xtec.cat\/ceip-ignasiiglesias-cornella\/wp-json\/wp\/v2\/comments?post=6961"}],"version-history":[{"count":3,"href":"https:\/\/agora.xtec.cat\/ceip-ignasiiglesias-cornella\/wp-json\/wp\/v2\/posts\/6961\/revisions"}],"predecessor-version":[{"id":6972,"href":"https:\/\/agora.xtec.cat\/ceip-ignasiiglesias-cornella\/wp-json\/wp\/v2\/posts\/6961\/revisions\/6972"}],"wp:featuredmedia":[{"embeddable":true,"href":"https:\/\/agora.xtec.cat\/ceip-ignasiiglesias-cornella\/wp-json\/wp\/v2\/media\/6963"}],"wp:attachment":[{"href":"https:\/\/agora.xtec.cat\/ceip-ignasiiglesias-cornella\/wp-json\/wp\/v2\/media?parent=6961"}],"wp:term":[{"taxonomy":"category","embeddable":true,"href":"https:\/\/agora.xtec.cat\/ceip-ignasiiglesias-cornella\/wp-json\/wp\/v2\/categories?post=6961"},{"taxonomy":"post_tag","embeddable":true,"href":"https:\/\/agora.xtec.cat\/ceip-ignasiiglesias-cornella\/wp-json\/wp\/v2\/tags?post=6961"}],"curies":[{"name":"wp","href":"https:\/\/api.w.org\/{rel}","templated":true}]}}