{"id":6929,"date":"2023-03-22T10:01:35","date_gmt":"2023-03-22T09:01:35","guid":{"rendered":"https:\/\/agora.xtec.cat\/ceip-ignasiiglesias-cornella\/?p=6929"},"modified":"2023-03-28T10:16:13","modified_gmt":"2023-03-28T08:16:13","slug":"sortida-museu-picasso","status":"publish","type":"post","link":"https:\/\/agora.xtec.cat\/ceip-ignasiiglesias-cornella\/general\/sortida-museu-picasso\/","title":{"rendered":"Sortida Museu Picasso"},"content":{"rendered":"<p>El passat divendres 3 de mar\u00e7 els dos grups de 3r vam anar tot el dia al museu de Pablo Picasso, pintor que estem treballant a l&#8217;\u00e0rea de pl\u00e0stica des de fa temps.<\/p>\n<p>Despr\u00e9s de la visita vam fer una activitat titulada &#8220;Un plat no \u00e9s un plat&#8221;.<\/p>\n<p>Quan vam sortir vam anar al parc de la Ciutadella i ens ho vam passar genial!!!<\/p>\n<p>Podeu veure les fotos a la <a href=\"https:\/\/agora.xtec.cat\/ceip-ignasiiglesias-cornella\/cicle-mitja-2022-2023\/\">galeria d&#8217;imatges de cicle mitj\u00e0.<\/a><\/p>\n<p><a href=\"https:\/\/agora.xtec.cat\/ceip-ignasiiglesias-cornella\/wp-content\/uploads\/usu1592\/2023\/03\/ciutadella-park.jpeg\"><img loading=\"lazy\" decoding=\"async\" class=\"aligncenter wp-image-6943 size-full\" src=\"https:\/\/agora.xtec.cat\/ceip-ignasiiglesias-cornella\/wp-content\/uploads\/usu1592\/2023\/03\/ciutadella-park.jpeg\" alt=\"\" width=\"640\" height=\"427\" srcset=\"https:\/\/agora.xtec.cat\/ceip-ignasiiglesias-cornella\/wp-content\/uploads\/usu1592\/2023\/03\/ciutadella-park.jpeg 640w, https:\/\/agora.xtec.cat\/ceip-ignasiiglesias-cornella\/wp-content\/uploads\/usu1592\/2023\/03\/ciutadella-park-300x200.jpeg 300w\" sizes=\"auto, (max-width: 640px) 100vw, 640px\" \/><\/a><\/p>\n","protected":false},"excerpt":{"rendered":"<p>El passat divendres 3 de mar\u00e7 els dos grups de 3r vam anar tot el dia al museu de Pablo Picasso, pintor que estem treballant a l&#8217;\u00e0rea de pl\u00e0stica des de fa temps.<br \/>\nDespr\u00e9s de la visita vam fer una activitat titulada &#8220;Un plat no \u00e9s&hellip;  <a href=\"https:\/\/agora.xtec.cat\/ceip-ignasiiglesias-cornella\/general\/sortida-museu-picasso\/\" title=\"Read Sortida Museu Picasso\">Llegeix m\u00e9s\u00bb<\/a><\/p>\n","protected":false},"author":77,"featured_media":0,"comment_status":"open","ping_status":"closed","sticky":false,"template":"","format":"standard","meta":{"_bbp_topic_count":0,"_bbp_reply_count":0,"_bbp_total_topic_count":0,"_bbp_total_reply_count":0,"_bbp_voice_count":0,"_bbp_anonymous_reply_count":0,"_bbp_topic_count_hidden":0,"_bbp_reply_count_hidden":0,"_bbp_forum_subforum_count":0,"footnotes":""},"categories":[920,12,1,4,899],"tags":[],"class_list":["post-6929","post","type-post","status-publish","format-standard","hentry","category-3r","category-cicle-mitja","category-general","category-portada","category-sortida"],"post_mailing_queue_ids":[],"_links":{"self":[{"href":"https:\/\/agora.xtec.cat\/ceip-ignasiiglesias-cornella\/wp-json\/wp\/v2\/posts\/6929","targetHints":{"allow":["GET"]}}],"collection":[{"href":"https:\/\/agora.xtec.cat\/ceip-ignasiiglesias-cornella\/wp-json\/wp\/v2\/posts"}],"about":[{"href":"https:\/\/agora.xtec.cat\/ceip-ignasiiglesias-cornella\/wp-json\/wp\/v2\/types\/post"}],"author":[{"embeddable":true,"href":"https:\/\/agora.xtec.cat\/ceip-ignasiiglesias-cornella\/wp-json\/wp\/v2\/users\/77"}],"replies":[{"embeddable":true,"href":"https:\/\/agora.xtec.cat\/ceip-ignasiiglesias-cornella\/wp-json\/wp\/v2\/comments?post=6929"}],"version-history":[{"count":3,"href":"https:\/\/agora.xtec.cat\/ceip-ignasiiglesias-cornella\/wp-json\/wp\/v2\/posts\/6929\/revisions"}],"predecessor-version":[{"id":6976,"href":"https:\/\/agora.xtec.cat\/ceip-ignasiiglesias-cornella\/wp-json\/wp\/v2\/posts\/6929\/revisions\/6976"}],"wp:attachment":[{"href":"https:\/\/agora.xtec.cat\/ceip-ignasiiglesias-cornella\/wp-json\/wp\/v2\/media?parent=6929"}],"wp:term":[{"taxonomy":"category","embeddable":true,"href":"https:\/\/agora.xtec.cat\/ceip-ignasiiglesias-cornella\/wp-json\/wp\/v2\/categories?post=6929"},{"taxonomy":"post_tag","embeddable":true,"href":"https:\/\/agora.xtec.cat\/ceip-ignasiiglesias-cornella\/wp-json\/wp\/v2\/tags?post=6929"}],"curies":[{"name":"wp","href":"https:\/\/api.w.org\/{rel}","templated":true}]}}