{"id":6905,"date":"2023-03-06T13:02:40","date_gmt":"2023-03-06T12:02:40","guid":{"rendered":"https:\/\/agora.xtec.cat\/ceip-ignasiiglesias-cornella\/?p=6905"},"modified":"2023-03-08T08:23:21","modified_gmt":"2023-03-08T07:23:21","slug":"reptes-musicals-del-8m","status":"publish","type":"post","link":"https:\/\/agora.xtec.cat\/ceip-ignasiiglesias-cornella\/general\/reptes-musicals-del-8m\/","title":{"rendered":"REPTES MUSICALS DEL 8M"},"content":{"rendered":"<p>Aquest curs, el projecte transversal de l&#8217;escola s\u00f3n els estils musicals. Per aquesta ra\u00f3, volem celebrar la setmana del 8M proposant reptes musicals pensats per col\u00b7lectius de dones relacionats amb el m\u00f3n de la m\u00fasica i la dansa.<\/p>\n<p>Cada dia de la setmana es proposar\u00e0 un repte musical als infants de l&#8217;escola.<\/p>\n<p>Des de l&#8217;\u00e0rea de m\u00fasica es treballar\u00e0 el repte del dia, per\u00f2 aquelles nenes i nens que ho desitgin, tamb\u00e9 es podran organitzar en petit grup o individualment per a realitzar el repte de manera volunt\u00e0ria.<\/p>\n<p>Els reptes voluntaris s&#8217;enregistraran a partir de dijous a l&#8217;hora de pati i durant tota la setmana vinent.<\/p>\n<div style=\"position: relative; width: 100%; height: 0; padding-top: 70.7071%; padding-bottom: 0; box-shadow: 0 2px 8px 0 rgba(63,69,81,0.16); margin-top: 1.6em; margin-bottom: 0.9em; overflow: hidden; border-radius: 8px; will-change: transform;\"><iframe style=\"position: absolute; width: 100%; height: 100%; top: 0; left: 0; border: none; padding: 0; margin: 0;\" src=\"https:\/\/www.canva.com\/design\/DAFcXi8ABcY\/view?embed\" allowfullscreen=\"allowfullscreen\"><br \/>\n<\/iframe><\/div>\n<p><a href=\"https:\/\/www.canva.com\/design\/DAFcXi8ABcY\/view?utm_content=DAFcXi8ABcY&amp;utm_campaign=designshare&amp;utm_medium=embeds&amp;utm_source=link\" target=\"_blank\" rel=\"noopener\">Copia de Sin t\u00edtulo (297\u00a0\u00d7\u00a0210\u00a0mm)<\/a> de Mireia Font<\/p>\n","protected":false},"excerpt":{"rendered":"<p>Aquest curs, el projecte transversal de l&#8217;escola s\u00f3n els estils musicals. Per aquesta ra\u00f3, volem celebrar la setmana del 8M proposant reptes musicals pensats per col\u00b7lectius de dones relacionats amb el m\u00f3n de la m\u00fasica i la dansa.<br \/>\nCada dia de la setmana es proposar\u00e0 un&hellip;  <a href=\"https:\/\/agora.xtec.cat\/ceip-ignasiiglesias-cornella\/general\/reptes-musicals-del-8m\/\" title=\"Read REPTES MUSICALS DEL 8M\">Llegeix m\u00e9s\u00bb<\/a><\/p>\n","protected":false},"author":4,"featured_media":6916,"comment_status":"open","ping_status":"closed","sticky":false,"template":"","format":"standard","meta":{"_bbp_topic_count":0,"_bbp_reply_count":0,"_bbp_total_topic_count":0,"_bbp_total_reply_count":0,"_bbp_voice_count":0,"_bbp_anonymous_reply_count":0,"_bbp_topic_count_hidden":0,"_bbp_reply_count_hidden":0,"_bbp_forum_subforum_count":0,"footnotes":""},"categories":[1,72,4],"tags":[848,715,145,114],"class_list":["post-6905","post","type-post","status-publish","format-standard","has-post-thumbnail","hentry","category-general","category-musica","category-portada","tag-8m","tag-dona","tag-dones","tag-musica-harmonica-5e"],"post_mailing_queue_ids":[],"_links":{"self":[{"href":"https:\/\/agora.xtec.cat\/ceip-ignasiiglesias-cornella\/wp-json\/wp\/v2\/posts\/6905","targetHints":{"allow":["GET"]}}],"collection":[{"href":"https:\/\/agora.xtec.cat\/ceip-ignasiiglesias-cornella\/wp-json\/wp\/v2\/posts"}],"about":[{"href":"https:\/\/agora.xtec.cat\/ceip-ignasiiglesias-cornella\/wp-json\/wp\/v2\/types\/post"}],"author":[{"embeddable":true,"href":"https:\/\/agora.xtec.cat\/ceip-ignasiiglesias-cornella\/wp-json\/wp\/v2\/users\/4"}],"replies":[{"embeddable":true,"href":"https:\/\/agora.xtec.cat\/ceip-ignasiiglesias-cornella\/wp-json\/wp\/v2\/comments?post=6905"}],"version-history":[{"count":2,"href":"https:\/\/agora.xtec.cat\/ceip-ignasiiglesias-cornella\/wp-json\/wp\/v2\/posts\/6905\/revisions"}],"predecessor-version":[{"id":6907,"href":"https:\/\/agora.xtec.cat\/ceip-ignasiiglesias-cornella\/wp-json\/wp\/v2\/posts\/6905\/revisions\/6907"}],"wp:featuredmedia":[{"embeddable":true,"href":"https:\/\/agora.xtec.cat\/ceip-ignasiiglesias-cornella\/wp-json\/wp\/v2\/media\/6916"}],"wp:attachment":[{"href":"https:\/\/agora.xtec.cat\/ceip-ignasiiglesias-cornella\/wp-json\/wp\/v2\/media?parent=6905"}],"wp:term":[{"taxonomy":"category","embeddable":true,"href":"https:\/\/agora.xtec.cat\/ceip-ignasiiglesias-cornella\/wp-json\/wp\/v2\/categories?post=6905"},{"taxonomy":"post_tag","embeddable":true,"href":"https:\/\/agora.xtec.cat\/ceip-ignasiiglesias-cornella\/wp-json\/wp\/v2\/tags?post=6905"}],"curies":[{"name":"wp","href":"https:\/\/api.w.org\/{rel}","templated":true}]}}