{"id":6894,"date":"2023-03-27T00:26:52","date_gmt":"2023-03-26T22:26:52","guid":{"rendered":"https:\/\/agora.xtec.cat\/ceip-ignasiiglesias-cornella\/?p=6894"},"modified":"2023-03-27T00:26:52","modified_gmt":"2023-03-26T22:26:52","slug":"la-porta-a-un-mon-ple-de-magia","status":"publish","type":"post","link":"https:\/\/agora.xtec.cat\/ceip-ignasiiglesias-cornella\/infantil\/la-porta-a-un-mon-ple-de-magia\/","title":{"rendered":"LA PORTA A UN M\u00d3N PLE DE M\u00c0GIA."},"content":{"rendered":"<p>&nbsp;<\/p>\n<p><img loading=\"lazy\" decoding=\"async\" class=\"aligncenter wp-image-6969 size-medium\" src=\"https:\/\/agora.xtec.cat\/ceip-ignasiiglesias-cornella\/wp-content\/uploads\/usu1592\/2023\/03\/IMG_20230216_154420-1024x766-1-300x224.jpg\" alt=\"\" width=\"300\" height=\"224\" srcset=\"https:\/\/agora.xtec.cat\/ceip-ignasiiglesias-cornella\/wp-content\/uploads\/usu1592\/2023\/03\/IMG_20230216_154420-1024x766-1-300x224.jpg 300w, https:\/\/agora.xtec.cat\/ceip-ignasiiglesias-cornella\/wp-content\/uploads\/usu1592\/2023\/03\/IMG_20230216_154420-1024x766-1-768x575.jpg 768w, https:\/\/agora.xtec.cat\/ceip-ignasiiglesias-cornella\/wp-content\/uploads\/usu1592\/2023\/03\/IMG_20230216_154420-1024x766-1-200x150.jpg 200w, https:\/\/agora.xtec.cat\/ceip-ignasiiglesias-cornella\/wp-content\/uploads\/usu1592\/2023\/03\/IMG_20230216_154420-1024x766-1.jpg 1024w\" sizes=\"auto, (max-width: 300px) 100vw, 300px\" \/><\/p>\n<p class=\"western\"><span style=\"font-family: Bradley Hand ITC, serif;\"><span style=\"font-size: medium;\"><span lang=\"ca-ES\"><b>SEGUR QUE HEU ESCOLTAT: LA LECTURA ENS FA M\u00c9S LLIURES, M\u00c9S S\u00c0VIES I SAVIS, M\u00c9S OBERTES I OBERTS AL M\u00d3N QUE ENS ENVOLTA, M\u00c9S EMP\u00c0TIQUES I EMP\u00c0TICS ,M\u00c9S REFLEXIVES I REFLEXIUS&#8230;ES A DIR, MILLORS PERSONES\u00bb.<\/b><\/span><\/span><\/span><\/p>\n<p class=\"western\"><span style=\"font-family: Bradley Hand ITC, serif;\"><span style=\"font-size: medium;\"><span lang=\"ca-ES\"><b>UN LLIBRE ENS OBRE LA PORTA D\u2019UN M\u00d3N PLE DE M\u00c0GIA I DE FANTASIA, ON LES LLETRES TENEN UN PAPER FONAMENTAL PER AJUDAR-NOS A DESENVOLUPAR MOLTES CAPACITATS: L\u2019ATENCI\u00d3, L\u2019ESCOLTA, EL LLENGUATGE, L\u2019ESPERA, LA IMAGINACI\u00d3&#8230;I COM NO PODIA SER D\u2019UNA ALTRA MANERA, A INTRODUIR L\u2019H\u00c0BIT I EL GUST PER LA LECTURA, ELEMENTS CLAUS, PERQU\u00c8 EN UN FUTUR ELS INFANTS ES CONVERTEIXIN EN BONES LECTORES I LECTORS.<\/b><\/span><\/span><\/span><\/p>\n<p class=\"western\"><span style=\"font-family: Bradley Hand ITC, serif;\"><span style=\"font-size: medium;\"><span lang=\"ca-ES\"><b>ENDAVANT!!!<\/b><\/span><\/span><\/span><\/p>\n<p class=\"western\"><span style=\"font-family: Bradley Hand ITC, serif;\"><span style=\"font-size: medium;\"><span lang=\"ca-ES\"><b>HEM OBERT LA PORTA A UN M\u00d3N PLE DE M\u00c0GIA!!!<\/b><\/span><\/span><\/span><\/p>\n","protected":false},"excerpt":{"rendered":"<p>LA PORTA A UN M\u00d3N PLE DE M\u00c0GIA.&hellip;  <a href=\"https:\/\/agora.xtec.cat\/ceip-ignasiiglesias-cornella\/infantil\/la-porta-a-un-mon-ple-de-magia\/\" title=\"Read LA PORTA A UN M\u00d3N PLE DE M\u00c0GIA.\">Llegeix m\u00e9s\u00bb<\/a><\/p>\n","protected":false},"author":4,"featured_media":6969,"comment_status":"open","ping_status":"closed","sticky":false,"template":"","format":"standard","meta":{"_bbp_topic_count":0,"_bbp_reply_count":0,"_bbp_total_topic_count":0,"_bbp_total_reply_count":0,"_bbp_voice_count":0,"_bbp_anonymous_reply_count":0,"_bbp_topic_count_hidden":0,"_bbp_reply_count_hidden":0,"_bbp_forum_subforum_count":0,"footnotes":""},"categories":[819,2,3,8,9],"tags":[90,85],"class_list":["post-6894","post","type-post","status-publish","format-standard","has-post-thumbnail","hentry","category-biblioteca","category-infantil","category-p3","category-p4","category-p5","tag-biblioteca","tag-infantil"],"post_mailing_queue_ids":[],"_links":{"self":[{"href":"https:\/\/agora.xtec.cat\/ceip-ignasiiglesias-cornella\/wp-json\/wp\/v2\/posts\/6894","targetHints":{"allow":["GET"]}}],"collection":[{"href":"https:\/\/agora.xtec.cat\/ceip-ignasiiglesias-cornella\/wp-json\/wp\/v2\/posts"}],"about":[{"href":"https:\/\/agora.xtec.cat\/ceip-ignasiiglesias-cornella\/wp-json\/wp\/v2\/types\/post"}],"author":[{"embeddable":true,"href":"https:\/\/agora.xtec.cat\/ceip-ignasiiglesias-cornella\/wp-json\/wp\/v2\/users\/4"}],"replies":[{"embeddable":true,"href":"https:\/\/agora.xtec.cat\/ceip-ignasiiglesias-cornella\/wp-json\/wp\/v2\/comments?post=6894"}],"version-history":[{"count":4,"href":"https:\/\/agora.xtec.cat\/ceip-ignasiiglesias-cornella\/wp-json\/wp\/v2\/posts\/6894\/revisions"}],"predecessor-version":[{"id":6970,"href":"https:\/\/agora.xtec.cat\/ceip-ignasiiglesias-cornella\/wp-json\/wp\/v2\/posts\/6894\/revisions\/6970"}],"wp:featuredmedia":[{"embeddable":true,"href":"https:\/\/agora.xtec.cat\/ceip-ignasiiglesias-cornella\/wp-json\/wp\/v2\/media\/6969"}],"wp:attachment":[{"href":"https:\/\/agora.xtec.cat\/ceip-ignasiiglesias-cornella\/wp-json\/wp\/v2\/media?parent=6894"}],"wp:term":[{"taxonomy":"category","embeddable":true,"href":"https:\/\/agora.xtec.cat\/ceip-ignasiiglesias-cornella\/wp-json\/wp\/v2\/categories?post=6894"},{"taxonomy":"post_tag","embeddable":true,"href":"https:\/\/agora.xtec.cat\/ceip-ignasiiglesias-cornella\/wp-json\/wp\/v2\/tags?post=6894"}],"curies":[{"name":"wp","href":"https:\/\/api.w.org\/{rel}","templated":true}]}}