{"id":6847,"date":"2023-06-30T09:16:16","date_gmt":"2023-06-30T07:16:16","guid":{"rendered":"https:\/\/agora.xtec.cat\/ceip-ignasiiglesias-cornella\/?p=6847"},"modified":"2023-06-30T12:04:52","modified_gmt":"2023-06-30T10:04:52","slug":"preinscripcio-2023-24","status":"publish","type":"post","link":"https:\/\/agora.xtec.cat\/ceip-ignasiiglesias-cornella\/general\/preinscripcio-2023-24\/","title":{"rendered":"PREINSCRIPCI\u00d3 2023-24"},"content":{"rendered":"<p><a href=\"https:\/\/agora.xtec.cat\/ceip-ignasiiglesias-cornella\/general\/preinscripcio-2023-24\/\"><img loading=\"lazy\" decoding=\"async\" class=\"aligncenter wp-image-6865 size-medium\" src=\"https:\/\/agora.xtec.cat\/ceip-ignasiiglesias-cornella\/wp-content\/uploads\/usu1592\/2023\/02\/PREISNCRIPCIO-1-300x90.png\" alt=\"\" width=\"300\" height=\"90\" srcset=\"https:\/\/agora.xtec.cat\/ceip-ignasiiglesias-cornella\/wp-content\/uploads\/usu1592\/2023\/02\/PREISNCRIPCIO-1-300x90.png 300w, https:\/\/agora.xtec.cat\/ceip-ignasiiglesias-cornella\/wp-content\/uploads\/usu1592\/2023\/02\/PREISNCRIPCIO-1-1024x307.png 1024w, https:\/\/agora.xtec.cat\/ceip-ignasiiglesias-cornella\/wp-content\/uploads\/usu1592\/2023\/02\/PREISNCRIPCIO-1-768x230.png 768w, https:\/\/agora.xtec.cat\/ceip-ignasiiglesias-cornella\/wp-content\/uploads\/usu1592\/2023\/02\/PREISNCRIPCIO-1-1536x461.png 1536w, https:\/\/agora.xtec.cat\/ceip-ignasiiglesias-cornella\/wp-content\/uploads\/usu1592\/2023\/02\/PREISNCRIPCIO-1.png 2000w\" sizes=\"auto, (max-width: 300px) 100vw, 300px\" \/><\/a><\/p>\n<p><a href=\"https:\/\/agora.xtec.cat\/ceip-ignasiiglesias-cornella\/wp-content\/uploads\/usu1592\/2023\/03\/OFERTA-INICIAL-DE-PLACES.pdf\">OFERTA INICIAL DE PLACES<\/a><\/p>\n<p><a href=\"https:\/\/preinscripcio.gencat.cat\/ca\/detalls\/noticia\/dates-preinscripcio-2023-2024\">DATES PREINSCRIPCI\u00d3 CURS 2023-24<\/a><\/p>\n<p><a href=\"https:\/\/agora.xtec.cat\/ceip-ignasiiglesias-cornella\/wp-content\/uploads\/usu1592\/2023\/04\/INFORME_BAREM_PROVISIONAL.pdf\">INFORME_BAREM_PROVISIONAL<\/a><\/p>\n<p><a href=\"https:\/\/agora.xtec.cat\/ceip-ignasiiglesias-cornella\/wp-content\/uploads\/usu1592\/2023\/05\/LLISTAT-BAREM-RESOLTES-1.pdf\">LLISTAT BAREM RESOLTES<\/a><\/p>\n<p><a href=\"https:\/\/agora.xtec.cat\/ceip-ignasiiglesias-cornella\/wp-content\/uploads\/usu1592\/2023\/05\/DILIGENCIA-DE-MODIFICACIO-1.pdf\">DILIG\u00c8NCIA DE MODIFICACI\u00d3<\/a><\/p>\n<p><a href=\"https:\/\/agora.xtec.cat\/ceip-ignasiiglesias-cornella\/wp-content\/uploads\/usu1592\/2023\/05\/INFORME_BAREM_DEFINITIU.pdf\">INFORME_BAREM_DEFINITIU<\/a><\/p>\n<p><a href=\"https:\/\/agora.xtec.cat\/ceip-ignasiiglesias-cornella\/wp-content\/uploads\/usu1592\/2023\/06\/OFERTA-DEFINITIVA.pdf\">OFERTA DEFINITIVA<\/a><\/p>\n<p><a href=\"https:\/\/agora.xtec.cat\/ceip-ignasiiglesias-cornella\/wp-content\/uploads\/usu1592\/2023\/06\/LLISTAT-ASSIGNACIO-DEFINITIVES.pdf\">LLISTAT ASSIGNACI\u00d3 DEFINITIVES<\/a><\/p>\n<p><a href=\"https:\/\/agora.xtec.cat\/ceip-ignasiiglesias-cornella\/wp-content\/uploads\/usu1592\/2023\/06\/LLISTA-DESPERA.pdf\">LLISTA D&#8217;ESPERA<\/a><\/p>\n<p>Podeu trobar tota la informaci\u00f3 actualitzada clicant sobre aquest <a href=\"https:\/\/preinscripcio.gencat.cat\/ca\/inici\">ENLLA\u00c7<\/a> de\u00a0 la p\u00e0gina WEB oficial de la preinscripci\u00f3 de la Generalitat de Catalunya.<\/p>\n<p><strong>CALENDARI:<\/strong><\/p>\n<ul>\n<li><strong>3 de mar\u00e7 de 2023:<\/strong> oferta inicial de places<\/li>\n<li><b>Del 6 al 20 de mar\u00e7 de 2023<\/b>: presentaci\u00f3 de preinscripci\u00f3<\/li>\n<li><b>Fins el 22 de mar\u00e7 de 2023:<\/b> presentaci\u00f3 de documentaci\u00f3<\/li>\n<li><b>21 d\u2019abril de 2023:<\/b> barem provisional<\/li>\n<li><b>Del 21 al 27 d\u2019abril de 2023:<\/b>\u00a0presentaci\u00f3 de reclamacions<\/li>\n<li><b>3 de maig de 2023: <\/b>llista de sol\u00b7licituds amb la puntuaci\u00f3 un cop resoltes les reclamacions<\/li>\n<li><b>9 de maig de 2023:<\/b> sorteig per resoldre les sol\u00b7licituds de preinscripci\u00f3 empatades en punts. <strong>N\u00famero de desempat 66.646<\/strong><\/li>\n<li><strong>11<\/strong><b>\u00a0de maig de 2023:\u00a0<\/b>publicaci\u00f3 llistes ordenades definitives<\/li>\n<li><b>Del 29 de maig a l\u20191 de juny de 2023:<\/b>\u00a0ampliaci\u00f3 de peticions de preinscripci\u00f3 per a alumnes sense pla\u00e7a assignada a cap centre<\/li>\n<li><b>9 de juny de 2023:<\/b>\u00a0oferta final de places escolars<\/li>\n<li><b>12 de juny de 2023<\/b>: llista d\u2019alumnes\u00a0 preinscrits, admesos i llista d\u2019espera<\/li>\n<li><b>Del 20 al 28 de juny de 2023:<\/b>\u00a0matriculaci\u00f3<\/li>\n<li><strong>30 de setembre de 2023:<\/strong> publicaci\u00f3 de la llista d\u2019alumnes matriculats al centre procedents del proc\u00e9s de preinscripci\u00f3 i admissi\u00f3<\/li>\n<\/ul>\n<div class=\"addtoany_share_save_container addtoany_content addtoany_content_bottom\">\n<div class=\"a2a_kit a2a_kit_size_32 addtoany_list\" data-a2a-url=\"https:\/\/agora.xtec.cat\/ceip-dolorsalmeda-cornella\/general\/calendari-de-preinscripcio-i-matricula-2\/\" data-a2a-title=\"Calendari de preinscripci\u00f3 i matr\u00edcula. Curs 2023-24\"><\/div>\n<\/div>\n<p>&nbsp;<\/p>\n<p>&nbsp;<\/p>\n","protected":false},"excerpt":{"rendered":"<p><a href=\"https:\/\/agora.xtec.cat\/ceip-ignasiiglesias-cornella\/general\/preinscripcio-2023-24\/\"><\/a><br \/>\n<a href=\"https:\/\/agora.xtec.cat\/ceip-ignasiiglesias-cornella\/wp-content\/uploads\/usu1592\/2023\/03\/OFERTA-INICIAL-DE-PLACES.pdf\">OFERTA INICIAL DE PLACES<\/a><br \/>\n<a href=\"https:\/\/preinscripcio.gencat.cat\/ca\/detalls\/noticia\/dates-preinscripcio-2023-2024\">DATES PREINSCRIPCI\u00d3 CURS 2023-24<\/a><br \/>\n<a href=\"https:\/\/agora.xtec.cat\/ceip-ignasiiglesias-cornella\/wp-content\/uploads\/usu1592\/2023\/04\/INFORME_BAREM_PROVISIONAL.pdf\">INFORME_BAREM_PROVISIONAL<\/a><br \/>\n<a href=\"https:\/\/agora.xtec.cat\/ceip-ignasiiglesias-cornella\/wp-content\/uploads\/usu1592\/2023\/05\/LLISTAT-BAREM-RESOLTES-1.pdf\">LLISTAT BAREM RESOLTES<\/a><br \/>\n<a href=\"https:\/\/agora.xtec.cat\/ceip-ignasiiglesias-cornella\/wp-content\/uploads\/usu1592\/2023\/05\/DILIGENCIA-DE-MODIFICACIO-1.pdf\">DILIG\u00c8NCIA DE MODIFICACI\u00d3<\/a><br \/>\n<a href=\"https:\/\/agora.xtec.cat\/ceip-ignasiiglesias-cornella\/wp-content\/uploads\/usu1592\/2023\/05\/INFORME_BAREM_DEFINITIU.pdf\">INFORME_BAREM_DEFINITIU<\/a><br \/>\n<a href=\"https:\/\/agora.xtec.cat\/ceip-ignasiiglesias-cornella\/wp-content\/uploads\/usu1592\/2023\/06\/OFERTA-DEFINITIVA.pdf\">OFERTA DEFINITIVA<\/a><br \/>\n<a href=\"https:\/\/agora.xtec.cat\/ceip-ignasiiglesias-cornella\/wp-content\/uploads\/usu1592\/2023\/06\/LLISTAT-ASSIGNACIO-DEFINITIVES.pdf\">LLISTAT ASSIGNACI\u00d3 DEFINITIVES<\/a><br \/>\n<a href=\"https:\/\/agora.xtec.cat\/ceip-ignasiiglesias-cornella\/wp-content\/uploads\/usu1592\/2023\/06\/LLISTA-DESPERA.pdf\">LLISTA D&#8217;ESPERA<\/a><br \/>\nPodeu trobar tota la informaci\u00f3 actualitzada clicant sobre aquest <a href=\"https:\/\/preinscripcio.gencat.cat\/ca\/inici\">ENLLA\u00c7<\/a> de\u00a0 la p\u00e0gina WEB oficial de la preinscripci\u00f3 de la&hellip;  <a href=\"https:\/\/agora.xtec.cat\/ceip-ignasiiglesias-cornella\/general\/preinscripcio-2023-24\/\" title=\"Read PREINSCRIPCI\u00d3 2023-24\">Llegeix m\u00e9s\u00bb<\/a><\/p>\n","protected":false},"author":19,"featured_media":6865,"comment_status":"open","ping_status":"closed","sticky":false,"template":"","format":"standard","meta":{"_bbp_topic_count":0,"_bbp_reply_count":0,"_bbp_total_topic_count":0,"_bbp_total_reply_count":0,"_bbp_voice_count":0,"_bbp_anonymous_reply_count":0,"_bbp_topic_count_hidden":0,"_bbp_reply_count_hidden":0,"_bbp_forum_subforum_count":0,"footnotes":""},"categories":[1,4],"tags":[],"class_list":["post-6847","post","type-post","status-publish","format-standard","has-post-thumbnail","hentry","category-general","category-portada"],"post_mailing_queue_ids":[],"_links":{"self":[{"href":"https:\/\/agora.xtec.cat\/ceip-ignasiiglesias-cornella\/wp-json\/wp\/v2\/posts\/6847","targetHints":{"allow":["GET"]}}],"collection":[{"href":"https:\/\/agora.xtec.cat\/ceip-ignasiiglesias-cornella\/wp-json\/wp\/v2\/posts"}],"about":[{"href":"https:\/\/agora.xtec.cat\/ceip-ignasiiglesias-cornella\/wp-json\/wp\/v2\/types\/post"}],"author":[{"embeddable":true,"href":"https:\/\/agora.xtec.cat\/ceip-ignasiiglesias-cornella\/wp-json\/wp\/v2\/users\/19"}],"replies":[{"embeddable":true,"href":"https:\/\/agora.xtec.cat\/ceip-ignasiiglesias-cornella\/wp-json\/wp\/v2\/comments?post=6847"}],"version-history":[{"count":4,"href":"https:\/\/agora.xtec.cat\/ceip-ignasiiglesias-cornella\/wp-json\/wp\/v2\/posts\/6847\/revisions"}],"predecessor-version":[{"id":7101,"href":"https:\/\/agora.xtec.cat\/ceip-ignasiiglesias-cornella\/wp-json\/wp\/v2\/posts\/6847\/revisions\/7101"}],"wp:featuredmedia":[{"embeddable":true,"href":"https:\/\/agora.xtec.cat\/ceip-ignasiiglesias-cornella\/wp-json\/wp\/v2\/media\/6865"}],"wp:attachment":[{"href":"https:\/\/agora.xtec.cat\/ceip-ignasiiglesias-cornella\/wp-json\/wp\/v2\/media?parent=6847"}],"wp:term":[{"taxonomy":"category","embeddable":true,"href":"https:\/\/agora.xtec.cat\/ceip-ignasiiglesias-cornella\/wp-json\/wp\/v2\/categories?post=6847"},{"taxonomy":"post_tag","embeddable":true,"href":"https:\/\/agora.xtec.cat\/ceip-ignasiiglesias-cornella\/wp-json\/wp\/v2\/tags?post=6847"}],"curies":[{"name":"wp","href":"https:\/\/api.w.org\/{rel}","templated":true}]}}