{"id":6829,"date":"2023-02-27T21:27:45","date_gmt":"2023-02-27T20:27:45","guid":{"rendered":"https:\/\/agora.xtec.cat\/ceip-ignasiiglesias-cornella\/?p=6829"},"modified":"2023-02-27T21:27:45","modified_gmt":"2023-02-27T20:27:45","slug":"lhort-de-lescola","status":"publish","type":"post","link":"https:\/\/agora.xtec.cat\/ceip-ignasiiglesias-cornella\/portada\/lhort-de-lescola\/","title":{"rendered":"L&#8217;hort de l&#8217;escola"},"content":{"rendered":"<p><a href=\"https:\/\/agora.xtec.cat\/ceip-ignasiiglesias-cornella\/wp-content\/uploads\/usu1592\/2023\/02\/IMG_2645-1.jpg\"><img loading=\"lazy\" decoding=\"async\" class=\"wp-image-6831 alignleft\" src=\"https:\/\/agora.xtec.cat\/ceip-ignasiiglesias-cornella\/wp-content\/uploads\/usu1592\/2023\/02\/IMG_2645-1.jpg\" alt=\"\" width=\"247\" height=\"185\" srcset=\"https:\/\/agora.xtec.cat\/ceip-ignasiiglesias-cornella\/wp-content\/uploads\/usu1592\/2023\/02\/IMG_2645-1.jpg 836w, https:\/\/agora.xtec.cat\/ceip-ignasiiglesias-cornella\/wp-content\/uploads\/usu1592\/2023\/02\/IMG_2645-1-300x225.jpg 300w, https:\/\/agora.xtec.cat\/ceip-ignasiiglesias-cornella\/wp-content\/uploads\/usu1592\/2023\/02\/IMG_2645-1-768x576.jpg 768w, https:\/\/agora.xtec.cat\/ceip-ignasiiglesias-cornella\/wp-content\/uploads\/usu1592\/2023\/02\/IMG_2645-1-200x150.jpg 200w\" sizes=\"auto, (max-width: 247px) 100vw, 247px\" \/><\/a><\/p>\n<p>&nbsp;<\/p>\n<p>&nbsp;<\/p>\n<p>&nbsp;<\/p>\n<p style=\"text-align: left;\"><em>Avui, el Ferran ens ha ajudat a podar els espinacs. Ens ha explicat com i perqu\u00e8 \u00e9s important tallar les fulles que queden m\u00e9s amagades. Ara ja sabem com podem ajudar als espinacs a cr\u00e9ixer m\u00e9s i amb m\u00e9s for\u00e7a.<\/em><\/p>\n<p style=\"text-align: left;\"><em>Tamb\u00e9 hem apr\u00e9s que les fulles que anem tallant \u00e9s poden cuinar i menjar.<\/em><\/p>\n<p style=\"text-align: left;\"><em>Els espinacs ens proporciona energia i vitamines per cr\u00e9ixer m\u00e9s sans i forts.<\/em><\/p>\n<p style=\"text-align: left;\"><em>Els infants de 2n B.<\/em><\/p>\n<p>(Podeu veure m\u00e9s fotos a l&#8217;\u00e0lbum de moments d&#8217;aula que trobareu a la <a href=\"https:\/\/agora.xtec.cat\/ceip-ignasiiglesias-cornella\/cicle-inicial-2022-2023\/\">galeria d&#8217;imatges de la web.<\/a><\/p>\n","protected":false},"excerpt":{"rendered":"<p>Hem anat a l&#8217;h&hellip;  <a href=\"https:\/\/agora.xtec.cat\/ceip-ignasiiglesias-cornella\/portada\/lhort-de-lescola\/\" title=\"Read L&#8217;hort de l&#8217;escola\">Llegeix m\u00e9s\u00bb<\/a><\/p>\n","protected":false},"author":8,"featured_media":6830,"comment_status":"closed","ping_status":"closed","sticky":false,"template":"","format":"standard","meta":{"_bbp_topic_count":0,"_bbp_reply_count":0,"_bbp_total_topic_count":0,"_bbp_total_reply_count":0,"_bbp_voice_count":0,"_bbp_anonymous_reply_count":0,"_bbp_topic_count_hidden":0,"_bbp_reply_count_hidden":0,"_bbp_forum_subforum_count":0,"footnotes":""},"categories":[864,10,4,5],"tags":[163],"class_list":["post-6829","post","type-post","status-publish","format-standard","has-post-thumbnail","hentry","category-2n","category-cicle-inicial","category-portada","category-primaria","tag-hort"],"post_mailing_queue_ids":[],"_links":{"self":[{"href":"https:\/\/agora.xtec.cat\/ceip-ignasiiglesias-cornella\/wp-json\/wp\/v2\/posts\/6829","targetHints":{"allow":["GET"]}}],"collection":[{"href":"https:\/\/agora.xtec.cat\/ceip-ignasiiglesias-cornella\/wp-json\/wp\/v2\/posts"}],"about":[{"href":"https:\/\/agora.xtec.cat\/ceip-ignasiiglesias-cornella\/wp-json\/wp\/v2\/types\/post"}],"author":[{"embeddable":true,"href":"https:\/\/agora.xtec.cat\/ceip-ignasiiglesias-cornella\/wp-json\/wp\/v2\/users\/8"}],"replies":[{"embeddable":true,"href":"https:\/\/agora.xtec.cat\/ceip-ignasiiglesias-cornella\/wp-json\/wp\/v2\/comments?post=6829"}],"version-history":[{"count":3,"href":"https:\/\/agora.xtec.cat\/ceip-ignasiiglesias-cornella\/wp-json\/wp\/v2\/posts\/6829\/revisions"}],"predecessor-version":[{"id":6874,"href":"https:\/\/agora.xtec.cat\/ceip-ignasiiglesias-cornella\/wp-json\/wp\/v2\/posts\/6829\/revisions\/6874"}],"wp:featuredmedia":[{"embeddable":true,"href":"https:\/\/agora.xtec.cat\/ceip-ignasiiglesias-cornella\/wp-json\/wp\/v2\/media\/6830"}],"wp:attachment":[{"href":"https:\/\/agora.xtec.cat\/ceip-ignasiiglesias-cornella\/wp-json\/wp\/v2\/media?parent=6829"}],"wp:term":[{"taxonomy":"category","embeddable":true,"href":"https:\/\/agora.xtec.cat\/ceip-ignasiiglesias-cornella\/wp-json\/wp\/v2\/categories?post=6829"},{"taxonomy":"post_tag","embeddable":true,"href":"https:\/\/agora.xtec.cat\/ceip-ignasiiglesias-cornella\/wp-json\/wp\/v2\/tags?post=6829"}],"curies":[{"name":"wp","href":"https:\/\/api.w.org\/{rel}","templated":true}]}}