{"id":6790,"date":"2023-02-02T23:54:54","date_gmt":"2023-02-02T22:54:54","guid":{"rendered":"https:\/\/agora.xtec.cat\/ceip-ignasiiglesias-cornella\/?p=6790"},"modified":"2023-02-22T14:22:14","modified_gmt":"2023-02-22T13:22:14","slug":"30-de-gener-dia-de-la-pau-i-la-no-violencia","status":"publish","type":"post","link":"https:\/\/agora.xtec.cat\/ceip-ignasiiglesias-cornella\/general\/30-de-gener-dia-de-la-pau-i-la-no-violencia\/","title":{"rendered":"30 de gener: dia de la Pau i la No Viol\u00e8ncia"},"content":{"rendered":"<p>El passat 30 de gener va ser el dia de la Pau i la No Viol\u00e8ncia i a l&#8217;escola ho hem celebrat amb diferents activitats. Aquest aspecte ho anem treballant durant el nostre dia a dia a l&#8217;aula, per\u00f2 en aquest dia hem volgut treballar-ho d&#8217;una manera m\u00e9s expl\u00edcita. Va ser un dia per parlar i pensar en tota una s\u00e8rie d&#8217;actituds i accions que realitzem cada dia i com ens poden ajudar a solucionar els conflictes de manera pac\u00edfica, relacionar-nos de manera assertiva, mostrar empatia amb els nostres companys\/es, ajudar-nos, respectar-nos&#8230;<\/p>\n<p>Fent clic a la imatge podreu veure el conjunt d&#8217;activitats que hem realitzat.<\/p>\n<p><a href=\"https:\/\/photos.app.goo.gl\/Z7S3Xn7D1X7RBjH86\"><img loading=\"lazy\" decoding=\"async\" class=\"aligncenter\" src=\"http:\/\/3.bp.blogspot.com\/-_rNYv3NSUfU\/UubXo04zStI\/AAAAAAAABaI\/UR0oq5saJSY\/s1600\/el+mon+en+pau.jpg\" alt=\"Educaci\u00f3 i diversi\u00f3: PREPARANT EL DIA DE LA PAU\" width=\"121\" height=\"121\" \/><\/a><\/p>\n","protected":false},"excerpt":{"rendered":"<p>El passat 30 de gener va ser el dia de la Pau i la No Viol\u00e8ncia i a l&#8217;escola ho hem celebrat amb diferents activitats. Aquest aspecte ho anem treballant durant el nostre dia a dia a l&#8217;aula, per\u00f2 en aquest dia hem volgut treballar-ho&hellip;  <a href=\"https:\/\/agora.xtec.cat\/ceip-ignasiiglesias-cornella\/general\/30-de-gener-dia-de-la-pau-i-la-no-violencia\/\" title=\"Read 30 de gener: dia de la Pau i la No Viol\u00e8ncia\">Llegeix m\u00e9s\u00bb<\/a><\/p>\n","protected":false},"author":1,"featured_media":6791,"comment_status":"open","ping_status":"closed","sticky":false,"template":"","format":"standard","meta":{"_bbp_topic_count":0,"_bbp_reply_count":0,"_bbp_total_topic_count":0,"_bbp_total_reply_count":0,"_bbp_voice_count":0,"_bbp_anonymous_reply_count":0,"_bbp_topic_count_hidden":0,"_bbp_reply_count_hidden":0,"_bbp_forum_subforum_count":0,"footnotes":""},"categories":[10,12,14,1,2,3,8,9,4,5],"tags":[704],"class_list":["post-6790","post","type-post","status-publish","format-standard","has-post-thumbnail","hentry","category-cicle-inicial","category-cicle-mitja","category-cicle-superior","category-general","category-infantil","category-p3","category-p4","category-p5","category-portada","category-primaria","tag-pau"],"post_mailing_queue_ids":[],"_links":{"self":[{"href":"https:\/\/agora.xtec.cat\/ceip-ignasiiglesias-cornella\/wp-json\/wp\/v2\/posts\/6790","targetHints":{"allow":["GET"]}}],"collection":[{"href":"https:\/\/agora.xtec.cat\/ceip-ignasiiglesias-cornella\/wp-json\/wp\/v2\/posts"}],"about":[{"href":"https:\/\/agora.xtec.cat\/ceip-ignasiiglesias-cornella\/wp-json\/wp\/v2\/types\/post"}],"author":[{"embeddable":true,"href":"https:\/\/agora.xtec.cat\/ceip-ignasiiglesias-cornella\/wp-json\/wp\/v2\/users\/1"}],"replies":[{"embeddable":true,"href":"https:\/\/agora.xtec.cat\/ceip-ignasiiglesias-cornella\/wp-json\/wp\/v2\/comments?post=6790"}],"version-history":[{"count":3,"href":"https:\/\/agora.xtec.cat\/ceip-ignasiiglesias-cornella\/wp-json\/wp\/v2\/posts\/6790\/revisions"}],"predecessor-version":[{"id":6794,"href":"https:\/\/agora.xtec.cat\/ceip-ignasiiglesias-cornella\/wp-json\/wp\/v2\/posts\/6790\/revisions\/6794"}],"wp:featuredmedia":[{"embeddable":true,"href":"https:\/\/agora.xtec.cat\/ceip-ignasiiglesias-cornella\/wp-json\/wp\/v2\/media\/6791"}],"wp:attachment":[{"href":"https:\/\/agora.xtec.cat\/ceip-ignasiiglesias-cornella\/wp-json\/wp\/v2\/media?parent=6790"}],"wp:term":[{"taxonomy":"category","embeddable":true,"href":"https:\/\/agora.xtec.cat\/ceip-ignasiiglesias-cornella\/wp-json\/wp\/v2\/categories?post=6790"},{"taxonomy":"post_tag","embeddable":true,"href":"https:\/\/agora.xtec.cat\/ceip-ignasiiglesias-cornella\/wp-json\/wp\/v2\/tags?post=6790"}],"curies":[{"name":"wp","href":"https:\/\/api.w.org\/{rel}","templated":true}]}}