{"id":6785,"date":"2023-01-26T15:34:53","date_gmt":"2023-01-26T14:34:53","guid":{"rendered":"https:\/\/agora.xtec.cat\/ceip-ignasiiglesias-cornella\/?p=6785"},"modified":"2023-01-26T15:35:00","modified_gmt":"2023-01-26T14:35:00","slug":"5e-cooperem-o-competim","status":"publish","type":"post","link":"https:\/\/agora.xtec.cat\/ceip-ignasiiglesias-cornella\/general\/5e-cooperem-o-competim\/","title":{"rendered":"5\u00e8. Cooperem o competim?"},"content":{"rendered":"<p>El passat dilluns 23 de gener, els infants de 5\u00e8 van fer un taller organitzat per<a href=\"https:\/\/www.irenia.net\/\"> Irenia (jocs de pau).<\/a><\/p>\n<p>El taller consistia en un joc de reptes.\u00a0 Es tractava de superar les proves, per\u00f2, a m\u00e9s, fer-ho de forma que l\u2019alumnat aport\u00e9s les seves habilitats i destreses pel b\u00e9 del seu grup.<\/p>\n<p>Es van treballar alguns conceptes com: diversitat, cooperaci\u00f3, desigualtat social, superaci\u00f3, competici\u00f3, di\u00e0leg&#8230;<\/p>\n<p>Per veure les fotos del taller cliqueu la imatge<\/p>\n<p><a href=\"https:\/\/agora.xtec.cat\/ceip-ignasiiglesias-cornella\/cicle-superior-2022-2023\/\"><img loading=\"lazy\" decoding=\"async\" class=\"size-medium wp-image-6787 aligncenter\" src=\"https:\/\/agora.xtec.cat\/ceip-ignasiiglesias-cornella\/wp-content\/uploads\/usu1592\/2023\/01\/portada-225x300.jpeg\" alt=\"\" width=\"225\" height=\"300\" srcset=\"https:\/\/agora.xtec.cat\/ceip-ignasiiglesias-cornella\/wp-content\/uploads\/usu1592\/2023\/01\/portada-225x300.jpeg 225w, https:\/\/agora.xtec.cat\/ceip-ignasiiglesias-cornella\/wp-content\/uploads\/usu1592\/2023\/01\/portada-768x1024.jpeg 768w, https:\/\/agora.xtec.cat\/ceip-ignasiiglesias-cornella\/wp-content\/uploads\/usu1592\/2023\/01\/portada-1152x1536.jpeg 1152w, https:\/\/agora.xtec.cat\/ceip-ignasiiglesias-cornella\/wp-content\/uploads\/usu1592\/2023\/01\/portada.jpeg 1536w\" sizes=\"auto, (max-width: 225px) 100vw, 225px\" \/><\/a><\/p>\n","protected":false},"excerpt":{"rendered":"<p>El passat dilluns 23 de gener, els infants de 5\u00e8 van fer un taller organitzat per<a href=\"https:\/\/www.irenia.net\/\"> Irenia (jocs de pau).<\/a><br \/>\nEl taller consistia en un joc de reptes.\u00a0 Es tractava de superar les proves, per\u00f2, a m\u00e9s, fer-ho de forma que l\u2019alumnat aport\u00e9s les seves&hellip;  <a href=\"https:\/\/agora.xtec.cat\/ceip-ignasiiglesias-cornella\/general\/5e-cooperem-o-competim\/\" title=\"Read 5\u00e8. Cooperem o competim?\">Llegeix m\u00e9s\u00bb<\/a><\/p>\n","protected":false},"author":4,"featured_media":6787,"comment_status":"open","ping_status":"closed","sticky":false,"template":"","format":"standard","meta":{"_bbp_topic_count":0,"_bbp_reply_count":0,"_bbp_total_topic_count":0,"_bbp_total_reply_count":0,"_bbp_voice_count":0,"_bbp_anonymous_reply_count":0,"_bbp_topic_count_hidden":0,"_bbp_reply_count_hidden":0,"_bbp_forum_subforum_count":0,"footnotes":""},"categories":[14,1,4],"tags":[972,973,911,704,974],"class_list":["post-6785","post","type-post","status-publish","format-standard","has-post-thumbnail","hentry","category-cicle-superior","category-general","category-portada","tag-cooperacio","tag-cooperar","tag-irenia","tag-pau","tag-reptes"],"post_mailing_queue_ids":[],"_links":{"self":[{"href":"https:\/\/agora.xtec.cat\/ceip-ignasiiglesias-cornella\/wp-json\/wp\/v2\/posts\/6785","targetHints":{"allow":["GET"]}}],"collection":[{"href":"https:\/\/agora.xtec.cat\/ceip-ignasiiglesias-cornella\/wp-json\/wp\/v2\/posts"}],"about":[{"href":"https:\/\/agora.xtec.cat\/ceip-ignasiiglesias-cornella\/wp-json\/wp\/v2\/types\/post"}],"author":[{"embeddable":true,"href":"https:\/\/agora.xtec.cat\/ceip-ignasiiglesias-cornella\/wp-json\/wp\/v2\/users\/4"}],"replies":[{"embeddable":true,"href":"https:\/\/agora.xtec.cat\/ceip-ignasiiglesias-cornella\/wp-json\/wp\/v2\/comments?post=6785"}],"version-history":[{"count":2,"href":"https:\/\/agora.xtec.cat\/ceip-ignasiiglesias-cornella\/wp-json\/wp\/v2\/posts\/6785\/revisions"}],"predecessor-version":[{"id":6789,"href":"https:\/\/agora.xtec.cat\/ceip-ignasiiglesias-cornella\/wp-json\/wp\/v2\/posts\/6785\/revisions\/6789"}],"wp:featuredmedia":[{"embeddable":true,"href":"https:\/\/agora.xtec.cat\/ceip-ignasiiglesias-cornella\/wp-json\/wp\/v2\/media\/6787"}],"wp:attachment":[{"href":"https:\/\/agora.xtec.cat\/ceip-ignasiiglesias-cornella\/wp-json\/wp\/v2\/media?parent=6785"}],"wp:term":[{"taxonomy":"category","embeddable":true,"href":"https:\/\/agora.xtec.cat\/ceip-ignasiiglesias-cornella\/wp-json\/wp\/v2\/categories?post=6785"},{"taxonomy":"post_tag","embeddable":true,"href":"https:\/\/agora.xtec.cat\/ceip-ignasiiglesias-cornella\/wp-json\/wp\/v2\/tags?post=6785"}],"curies":[{"name":"wp","href":"https:\/\/api.w.org\/{rel}","templated":true}]}}