{"id":6775,"date":"2023-01-23T13:44:01","date_gmt":"2023-01-23T12:44:01","guid":{"rendered":"https:\/\/agora.xtec.cat\/ceip-ignasiiglesias-cornella\/?p=6775"},"modified":"2023-01-23T13:44:01","modified_gmt":"2023-01-23T12:44:01","slug":"6e-taller-de-batucada","status":"publish","type":"post","link":"https:\/\/agora.xtec.cat\/ceip-ignasiiglesias-cornella\/general\/6e-taller-de-batucada\/","title":{"rendered":"6\u00e8. Taller de batucada"},"content":{"rendered":"<p>Un any m\u00e9s hem fet a 6\u00e8 un taller de batucada de la m\u00e0 del grup <a href=\"https:\/\/www.solrepercussio.cat\/\">Solre Percussi\u00f3<\/a>.<\/p>\n<p>Podeu veure les fotos i v\u00eddeos del taller clicant la seg\u00fcent imatge:<\/p>\n<p><a href=\"https:\/\/agora.xtec.cat\/ceip-ignasiiglesias-cornella\/cicle-superior-2022-2023\/\"><img loading=\"lazy\" decoding=\"async\" class=\" wp-image-6769 aligncenter\" src=\"https:\/\/agora.xtec.cat\/ceip-ignasiiglesias-cornella\/wp-content\/uploads\/usu1592\/2023\/01\/IMG_20230116_105535-300x300.jpg\" alt=\"\" width=\"185\" height=\"185\" srcset=\"https:\/\/agora.xtec.cat\/ceip-ignasiiglesias-cornella\/wp-content\/uploads\/usu1592\/2023\/01\/IMG_20230116_105535-300x300.jpg 300w, https:\/\/agora.xtec.cat\/ceip-ignasiiglesias-cornella\/wp-content\/uploads\/usu1592\/2023\/01\/IMG_20230116_105535-1024x1024.jpg 1024w, https:\/\/agora.xtec.cat\/ceip-ignasiiglesias-cornella\/wp-content\/uploads\/usu1592\/2023\/01\/IMG_20230116_105535-150x150.jpg 150w, https:\/\/agora.xtec.cat\/ceip-ignasiiglesias-cornella\/wp-content\/uploads\/usu1592\/2023\/01\/IMG_20230116_105535-768x768.jpg 768w, https:\/\/agora.xtec.cat\/ceip-ignasiiglesias-cornella\/wp-content\/uploads\/usu1592\/2023\/01\/IMG_20230116_105535-1536x1536.jpg 1536w, https:\/\/agora.xtec.cat\/ceip-ignasiiglesias-cornella\/wp-content\/uploads\/usu1592\/2023\/01\/IMG_20230116_105535-2048x2048.jpg 2048w\" sizes=\"auto, (max-width: 185px) 100vw, 185px\" \/><\/a><\/p>\n<p>Han realitzat dos ritmes: el matador i el ritme de samba. A partir d&#8217;aquest taller iniciem unes sessions de batucada a l&#8217; aula de m\u00fasica que esperem culminin en una gran batucada de Carnaval.<\/p>\n","protected":false},"excerpt":{"rendered":"<p>Un any m\u00e9s hem fet a 6\u00e8 un taller de batucada de la m\u00e0 del grup <a href=\"https:\/\/www.solrepercussio.cat\/\">Solre Percussi\u00f3<\/a>.<br \/>\nPodeu veure les fotos i v\u00eddeos del taller clicant la seg\u00fcent imatge:<br \/>\n<a href=\"https:\/\/agora.xtec.cat\/ceip-ignasiiglesias-cornella\/cicle-superior-2022-2023\/\"><\/a><br \/>\nHan realitzat dos ritmes: el matador i el ritme de samba. A partir d&#8217;aquest taller&hellip;  <a href=\"https:\/\/agora.xtec.cat\/ceip-ignasiiglesias-cornella\/general\/6e-taller-de-batucada\/\" title=\"Read 6\u00e8. Taller de batucada\">Llegeix m\u00e9s\u00bb<\/a><\/p>\n","protected":false},"author":4,"featured_media":6769,"comment_status":"open","ping_status":"closed","sticky":false,"template":"","format":"standard","meta":{"_bbp_topic_count":0,"_bbp_reply_count":0,"_bbp_total_topic_count":0,"_bbp_total_reply_count":0,"_bbp_voice_count":0,"_bbp_anonymous_reply_count":0,"_bbp_topic_count_hidden":0,"_bbp_reply_count_hidden":0,"_bbp_forum_subforum_count":0,"footnotes":""},"categories":[14,1,72,4],"tags":[843,61,970,969],"class_list":["post-6775","post","type-post","status-publish","format-standard","has-post-thumbnail","hentry","category-cicle-superior","category-general","category-musica","category-portada","tag-batucada","tag-carnaval","tag-tambor","tag-timbal"],"post_mailing_queue_ids":[],"_links":{"self":[{"href":"https:\/\/agora.xtec.cat\/ceip-ignasiiglesias-cornella\/wp-json\/wp\/v2\/posts\/6775","targetHints":{"allow":["GET"]}}],"collection":[{"href":"https:\/\/agora.xtec.cat\/ceip-ignasiiglesias-cornella\/wp-json\/wp\/v2\/posts"}],"about":[{"href":"https:\/\/agora.xtec.cat\/ceip-ignasiiglesias-cornella\/wp-json\/wp\/v2\/types\/post"}],"author":[{"embeddable":true,"href":"https:\/\/agora.xtec.cat\/ceip-ignasiiglesias-cornella\/wp-json\/wp\/v2\/users\/4"}],"replies":[{"embeddable":true,"href":"https:\/\/agora.xtec.cat\/ceip-ignasiiglesias-cornella\/wp-json\/wp\/v2\/comments?post=6775"}],"version-history":[{"count":2,"href":"https:\/\/agora.xtec.cat\/ceip-ignasiiglesias-cornella\/wp-json\/wp\/v2\/posts\/6775\/revisions"}],"predecessor-version":[{"id":6777,"href":"https:\/\/agora.xtec.cat\/ceip-ignasiiglesias-cornella\/wp-json\/wp\/v2\/posts\/6775\/revisions\/6777"}],"wp:featuredmedia":[{"embeddable":true,"href":"https:\/\/agora.xtec.cat\/ceip-ignasiiglesias-cornella\/wp-json\/wp\/v2\/media\/6769"}],"wp:attachment":[{"href":"https:\/\/agora.xtec.cat\/ceip-ignasiiglesias-cornella\/wp-json\/wp\/v2\/media?parent=6775"}],"wp:term":[{"taxonomy":"category","embeddable":true,"href":"https:\/\/agora.xtec.cat\/ceip-ignasiiglesias-cornella\/wp-json\/wp\/v2\/categories?post=6775"},{"taxonomy":"post_tag","embeddable":true,"href":"https:\/\/agora.xtec.cat\/ceip-ignasiiglesias-cornella\/wp-json\/wp\/v2\/tags?post=6775"}],"curies":[{"name":"wp","href":"https:\/\/api.w.org\/{rel}","templated":true}]}}