{"id":6773,"date":"2023-01-23T13:40:30","date_gmt":"2023-01-23T12:40:30","guid":{"rendered":"https:\/\/agora.xtec.cat\/ceip-ignasiiglesias-cornella\/?p=6773"},"modified":"2023-01-23T13:41:06","modified_gmt":"2023-01-23T12:41:06","slug":"4t-taller-de-flauta-dolca","status":"publish","type":"post","link":"https:\/\/agora.xtec.cat\/ceip-ignasiiglesias-cornella\/general\/4t-taller-de-flauta-dolca\/","title":{"rendered":"4t. Taller de flauta dol\u00e7a"},"content":{"rendered":"<p>El passat 13 de gener, els infants de 4t van tenir a classe un taller de flauta dol\u00e7a. Va venir una flautista a ensenyar-nos un gran ventall de flautes de bec de moltes mides i sonoritats diferents. La flauta sopranino, la soprano, la contralt, la tenor, la baixa i la contrabaixa. A m\u00e9s, tamb\u00e9 ens va portar reproduccions de flautes d&#8217;altres \u00e8poques com l&#8217;edat mitjana o l&#8217;\u00e8poca barroca.<\/p>\n<p>Cliqueu la foto per accedir a la galeria de Cicle mitj\u00e0, on podreu veure fotos i videos del taller.<\/p>\n<p><a href=\"https:\/\/agora.xtec.cat\/ceip-ignasiiglesias-cornella\/cicle-mitja-2022-2023\/\"><img loading=\"lazy\" decoding=\"async\" class=\"size-medium wp-image-6771 aligncenter\" src=\"https:\/\/agora.xtec.cat\/ceip-ignasiiglesias-cornella\/wp-content\/uploads\/usu1592\/2023\/01\/fla-300x130.jpg\" alt=\"\" width=\"300\" height=\"130\" srcset=\"https:\/\/agora.xtec.cat\/ceip-ignasiiglesias-cornella\/wp-content\/uploads\/usu1592\/2023\/01\/fla-300x130.jpg 300w, https:\/\/agora.xtec.cat\/ceip-ignasiiglesias-cornella\/wp-content\/uploads\/usu1592\/2023\/01\/fla-768x334.jpg 768w, https:\/\/agora.xtec.cat\/ceip-ignasiiglesias-cornella\/wp-content\/uploads\/usu1592\/2023\/01\/fla.jpg 856w\" sizes=\"auto, (max-width: 300px) 100vw, 300px\" \/><\/a><\/p>\n","protected":false},"excerpt":{"rendered":"<p>El passat 13 de gener, els infants de 4t van tenir a classe un taller de flauta dol\u00e7a. Va venir una flautista a ensenyar-nos un gran ventall de flautes de bec de moltes mides i sonoritats diferents. La flauta sopranino, la soprano, la contralt, la&hellip;  <a href=\"https:\/\/agora.xtec.cat\/ceip-ignasiiglesias-cornella\/general\/4t-taller-de-flauta-dolca\/\" title=\"Read 4t. Taller de flauta dol\u00e7a\">Llegeix m\u00e9s\u00bb<\/a><\/p>\n","protected":false},"author":4,"featured_media":6771,"comment_status":"open","ping_status":"closed","sticky":false,"template":"","format":"standard","meta":{"_bbp_topic_count":0,"_bbp_reply_count":0,"_bbp_total_topic_count":0,"_bbp_total_reply_count":0,"_bbp_voice_count":0,"_bbp_anonymous_reply_count":0,"_bbp_topic_count_hidden":0,"_bbp_reply_count_hidden":0,"_bbp_forum_subforum_count":0,"footnotes":""},"categories":[12,1,72,4],"tags":[122],"class_list":["post-6773","post","type-post","status-publish","format-standard","has-post-thumbnail","hentry","category-cicle-mitja","category-general","category-musica","category-portada","tag-flauta"],"post_mailing_queue_ids":[],"_links":{"self":[{"href":"https:\/\/agora.xtec.cat\/ceip-ignasiiglesias-cornella\/wp-json\/wp\/v2\/posts\/6773","targetHints":{"allow":["GET"]}}],"collection":[{"href":"https:\/\/agora.xtec.cat\/ceip-ignasiiglesias-cornella\/wp-json\/wp\/v2\/posts"}],"about":[{"href":"https:\/\/agora.xtec.cat\/ceip-ignasiiglesias-cornella\/wp-json\/wp\/v2\/types\/post"}],"author":[{"embeddable":true,"href":"https:\/\/agora.xtec.cat\/ceip-ignasiiglesias-cornella\/wp-json\/wp\/v2\/users\/4"}],"replies":[{"embeddable":true,"href":"https:\/\/agora.xtec.cat\/ceip-ignasiiglesias-cornella\/wp-json\/wp\/v2\/comments?post=6773"}],"version-history":[{"count":1,"href":"https:\/\/agora.xtec.cat\/ceip-ignasiiglesias-cornella\/wp-json\/wp\/v2\/posts\/6773\/revisions"}],"predecessor-version":[{"id":6774,"href":"https:\/\/agora.xtec.cat\/ceip-ignasiiglesias-cornella\/wp-json\/wp\/v2\/posts\/6773\/revisions\/6774"}],"wp:featuredmedia":[{"embeddable":true,"href":"https:\/\/agora.xtec.cat\/ceip-ignasiiglesias-cornella\/wp-json\/wp\/v2\/media\/6771"}],"wp:attachment":[{"href":"https:\/\/agora.xtec.cat\/ceip-ignasiiglesias-cornella\/wp-json\/wp\/v2\/media?parent=6773"}],"wp:term":[{"taxonomy":"category","embeddable":true,"href":"https:\/\/agora.xtec.cat\/ceip-ignasiiglesias-cornella\/wp-json\/wp\/v2\/categories?post=6773"},{"taxonomy":"post_tag","embeddable":true,"href":"https:\/\/agora.xtec.cat\/ceip-ignasiiglesias-cornella\/wp-json\/wp\/v2\/tags?post=6773"}],"curies":[{"name":"wp","href":"https:\/\/api.w.org\/{rel}","templated":true}]}}