{"id":6747,"date":"2022-12-12T00:52:27","date_gmt":"2022-12-11T23:52:27","guid":{"rendered":"https:\/\/agora.xtec.cat\/ceip-ignasiiglesias-cornella\/?p=6747"},"modified":"2023-02-03T00:22:05","modified_gmt":"2023-02-02T23:22:05","slug":"timbres-de-desembre-i-gener","status":"publish","type":"post","link":"https:\/\/agora.xtec.cat\/ceip-ignasiiglesias-cornella\/portada\/timbres-de-desembre-i-gener\/","title":{"rendered":"TIMBRES DE DESEMBRE I GENER"},"content":{"rendered":"<p>Per fi tenim aqu\u00ed els timbres de desembre! Aquest cop \u00e9s el torn de les nenes i els nens. Aquesta selecci\u00f3 cont\u00e9 6 can\u00e7ons que diferents artistes han dedicat als seus fills, filles o b\u00e9 germans i germanes. Tamb\u00e9 una versi\u00f3 d&#8217; una can\u00e7\u00f3 infantil molt coneguda dedicada a les nenes i nens de les noves generacions i a les nenes i nens que encara tots portem a dins!<\/p>\n<p>Com s&#8217; han fet esperar for\u00e7a, segurament allargarem els timbres de desembre tamb\u00e9 durant el mes de gener.<\/p>\n<p>Desitgem que us agradin!<\/p>\n<p><img loading=\"lazy\" decoding=\"async\" class=\"alignleft wp-image-6748 size-full\" src=\"https:\/\/agora.xtec.cat\/ceip-ignasiiglesias-cornella\/wp-content\/uploads\/usu1592\/2022\/12\/timbres-desembre-i-gener.png\" alt=\"\" width=\"585\" height=\"816\" srcset=\"https:\/\/agora.xtec.cat\/ceip-ignasiiglesias-cornella\/wp-content\/uploads\/usu1592\/2022\/12\/timbres-desembre-i-gener.png 585w, https:\/\/agora.xtec.cat\/ceip-ignasiiglesias-cornella\/wp-content\/uploads\/usu1592\/2022\/12\/timbres-desembre-i-gener-215x300.png 215w\" sizes=\"auto, (max-width: 585px) 100vw, 585px\" \/><\/p>\n","protected":false},"excerpt":{"rendered":"<p>Per fi tenim aqu\u00ed els timbres de desembre! Aquest cop \u00e9s el torn de les nenes i els nens. Aquesta selecci\u00f3 cont\u00e9 6 can\u00e7ons que diferents artistes han dedicat als seus fills, filles o b\u00e9 germans i germanes. Tamb\u00e9 una versi\u00f3 d&#8217; una can\u00e7\u00f3 infantil&hellip;  <a href=\"https:\/\/agora.xtec.cat\/ceip-ignasiiglesias-cornella\/portada\/timbres-de-desembre-i-gener\/\" title=\"Read TIMBRES DE DESEMBRE I GENER\">Llegeix m\u00e9s\u00bb<\/a><\/p>\n","protected":false},"author":4,"featured_media":6748,"comment_status":"open","ping_status":"closed","sticky":false,"template":"","format":"standard","meta":{"_bbp_topic_count":0,"_bbp_reply_count":0,"_bbp_total_topic_count":0,"_bbp_total_reply_count":0,"_bbp_voice_count":0,"_bbp_anonymous_reply_count":0,"_bbp_topic_count_hidden":0,"_bbp_reply_count_hidden":0,"_bbp_forum_subforum_count":0,"footnotes":""},"categories":[72,4],"tags":[966,967,968,955],"class_list":["post-6747","post","type-post","status-publish","format-standard","has-post-thumbnail","hentry","category-musica","category-portada","tag-desembre","tag-nenes","tag-nens","tag-timbre"],"post_mailing_queue_ids":[],"_links":{"self":[{"href":"https:\/\/agora.xtec.cat\/ceip-ignasiiglesias-cornella\/wp-json\/wp\/v2\/posts\/6747","targetHints":{"allow":["GET"]}}],"collection":[{"href":"https:\/\/agora.xtec.cat\/ceip-ignasiiglesias-cornella\/wp-json\/wp\/v2\/posts"}],"about":[{"href":"https:\/\/agora.xtec.cat\/ceip-ignasiiglesias-cornella\/wp-json\/wp\/v2\/types\/post"}],"author":[{"embeddable":true,"href":"https:\/\/agora.xtec.cat\/ceip-ignasiiglesias-cornella\/wp-json\/wp\/v2\/users\/4"}],"replies":[{"embeddable":true,"href":"https:\/\/agora.xtec.cat\/ceip-ignasiiglesias-cornella\/wp-json\/wp\/v2\/comments?post=6747"}],"version-history":[{"count":1,"href":"https:\/\/agora.xtec.cat\/ceip-ignasiiglesias-cornella\/wp-json\/wp\/v2\/posts\/6747\/revisions"}],"predecessor-version":[{"id":6749,"href":"https:\/\/agora.xtec.cat\/ceip-ignasiiglesias-cornella\/wp-json\/wp\/v2\/posts\/6747\/revisions\/6749"}],"wp:featuredmedia":[{"embeddable":true,"href":"https:\/\/agora.xtec.cat\/ceip-ignasiiglesias-cornella\/wp-json\/wp\/v2\/media\/6748"}],"wp:attachment":[{"href":"https:\/\/agora.xtec.cat\/ceip-ignasiiglesias-cornella\/wp-json\/wp\/v2\/media?parent=6747"}],"wp:term":[{"taxonomy":"category","embeddable":true,"href":"https:\/\/agora.xtec.cat\/ceip-ignasiiglesias-cornella\/wp-json\/wp\/v2\/categories?post=6747"},{"taxonomy":"post_tag","embeddable":true,"href":"https:\/\/agora.xtec.cat\/ceip-ignasiiglesias-cornella\/wp-json\/wp\/v2\/tags?post=6747"}],"curies":[{"name":"wp","href":"https:\/\/api.w.org\/{rel}","templated":true}]}}