{"id":6730,"date":"2022-12-07T14:09:00","date_gmt":"2022-12-07T13:09:00","guid":{"rendered":"https:\/\/agora.xtec.cat\/ceip-ignasiiglesias-cornella\/?p=6730"},"modified":"2022-12-07T19:26:31","modified_gmt":"2022-12-07T18:26:31","slug":"santa-cecilia","status":"publish","type":"post","link":"https:\/\/agora.xtec.cat\/ceip-ignasiiglesias-cornella\/general\/santa-cecilia\/","title":{"rendered":"Santa Cec\u00edlia"},"content":{"rendered":"<p>El passat 22 de novembre va ser el dia de Santa Cec\u00edlia, patrona de la m\u00fasica. Per a celebrar-ho, els infants de 4t, 5\u00e8 i 6\u00e8 que estan aprenent un instrument fora de l&#8217;escola, han interpretat peces instrumentals davant de la resta de nenes i nens.<\/p>\n<p>A P3 han rebut la visita d&#8217;en <strong>Roger<\/strong>, de 6\u00e8, amb el seu saxo.<\/p>\n<p>P4 ha pogut escoltar el clarinet de la <strong>Mar<\/strong>, de 4t.<\/p>\n<p>A P5 han escoltat a la <strong>Carmen<\/strong> i a la <strong>Carla<\/strong> de 4t, amb la guitarra i l&#8217;ukelele.<\/p>\n<p>Els infants de 1r han escoltat les guitarres del <strong>Mario<\/strong> de 4t i de l&#8217;<strong>Isaac<\/strong> de 5\u00e8.<\/p>\n<p>A 2n i a 3r han pogut gaudir de la m\u00fasica de les nostres pianistes, <strong>l&#8217;Alba<\/strong> i <strong>l&#8217;Emma<\/strong> de 4t i la <strong>Gina<\/strong> de 5\u00e8.<\/p>\n<p>I a 4t, han pogut escoltar una de les peces que hem estat fent a flautapati amb alguns infants de 6\u00e8: <strong>Marc, Dani, Marta, Pep, Oliver, Ilyas, Alba, Paula C., CLoe, Melina, Khadija i\u00a0 Naira<\/strong>.<\/p>\n<p>Per veure les fotos i v\u00eddeos cliqueu la imatge:<\/p>\n<p><a href=\"https:\/\/agora.xtec.cat\/ceip-ignasiiglesias-cornella\/galeria-de-fotos-curs-2022-2023\/\"><img loading=\"lazy\" decoding=\"async\" class=\"aligncenter wp-image-6731 size-medium\" src=\"https:\/\/agora.xtec.cat\/ceip-ignasiiglesias-cornella\/wp-content\/uploads\/usu1592\/2022\/12\/llll-300x218.jpg\" alt=\"\" width=\"300\" height=\"218\" srcset=\"https:\/\/agora.xtec.cat\/ceip-ignasiiglesias-cornella\/wp-content\/uploads\/usu1592\/2022\/12\/llll-300x218.jpg 300w, https:\/\/agora.xtec.cat\/ceip-ignasiiglesias-cornella\/wp-content\/uploads\/usu1592\/2022\/12\/llll.jpg 642w\" sizes=\"auto, (max-width: 300px) 100vw, 300px\" \/><\/a><\/p>\n<p style=\"text-align: center;\"><strong>MOLTES FELICITATS A TOTHOM!<\/strong><\/p>\n<h3 style=\"text-align: center;\">VISCA LA M\u00daSICA!<\/h3>\n","protected":false},"excerpt":{"rendered":"<p>El passat 22 de novembre va ser el dia de Santa Cec\u00edlia, patrona de la m\u00fasica. Per a celebrar-ho, els infants de 4t, 5\u00e8 i 6\u00e8 que estan aprenent un instrument fora de l&#8217;escola, han interpretat peces instrumentals davant de la resta de nenes i&hellip;  <a href=\"https:\/\/agora.xtec.cat\/ceip-ignasiiglesias-cornella\/general\/santa-cecilia\/\" title=\"Read Santa Cec\u00edlia\">Llegeix m\u00e9s\u00bb<\/a><\/p>\n","protected":false},"author":4,"featured_media":6731,"comment_status":"open","ping_status":"closed","sticky":false,"template":"","format":"standard","meta":{"_bbp_topic_count":0,"_bbp_reply_count":0,"_bbp_total_topic_count":0,"_bbp_total_reply_count":0,"_bbp_voice_count":0,"_bbp_anonymous_reply_count":0,"_bbp_topic_count_hidden":0,"_bbp_reply_count_hidden":0,"_bbp_forum_subforum_count":0,"footnotes":""},"categories":[10,12,14,1,72,3,8,9,4],"tags":[964,936,122,459,963,965,675],"class_list":["post-6730","post","type-post","status-publish","format-standard","has-post-thumbnail","hentry","category-cicle-inicial","category-cicle-mitja","category-cicle-superior","category-general","category-musica","category-p3","category-p4","category-p5","category-portada","tag-cecilia","tag-clarinet","tag-flauta","tag-guitarra","tag-muisca","tag-piano","tag-saxo"],"post_mailing_queue_ids":[],"_links":{"self":[{"href":"https:\/\/agora.xtec.cat\/ceip-ignasiiglesias-cornella\/wp-json\/wp\/v2\/posts\/6730","targetHints":{"allow":["GET"]}}],"collection":[{"href":"https:\/\/agora.xtec.cat\/ceip-ignasiiglesias-cornella\/wp-json\/wp\/v2\/posts"}],"about":[{"href":"https:\/\/agora.xtec.cat\/ceip-ignasiiglesias-cornella\/wp-json\/wp\/v2\/types\/post"}],"author":[{"embeddable":true,"href":"https:\/\/agora.xtec.cat\/ceip-ignasiiglesias-cornella\/wp-json\/wp\/v2\/users\/4"}],"replies":[{"embeddable":true,"href":"https:\/\/agora.xtec.cat\/ceip-ignasiiglesias-cornella\/wp-json\/wp\/v2\/comments?post=6730"}],"version-history":[{"count":3,"href":"https:\/\/agora.xtec.cat\/ceip-ignasiiglesias-cornella\/wp-json\/wp\/v2\/posts\/6730\/revisions"}],"predecessor-version":[{"id":6743,"href":"https:\/\/agora.xtec.cat\/ceip-ignasiiglesias-cornella\/wp-json\/wp\/v2\/posts\/6730\/revisions\/6743"}],"wp:featuredmedia":[{"embeddable":true,"href":"https:\/\/agora.xtec.cat\/ceip-ignasiiglesias-cornella\/wp-json\/wp\/v2\/media\/6731"}],"wp:attachment":[{"href":"https:\/\/agora.xtec.cat\/ceip-ignasiiglesias-cornella\/wp-json\/wp\/v2\/media?parent=6730"}],"wp:term":[{"taxonomy":"category","embeddable":true,"href":"https:\/\/agora.xtec.cat\/ceip-ignasiiglesias-cornella\/wp-json\/wp\/v2\/categories?post=6730"},{"taxonomy":"post_tag","embeddable":true,"href":"https:\/\/agora.xtec.cat\/ceip-ignasiiglesias-cornella\/wp-json\/wp\/v2\/tags?post=6730"}],"curies":[{"name":"wp","href":"https:\/\/api.w.org\/{rel}","templated":true}]}}