{"id":6680,"date":"2022-11-29T12:23:40","date_gmt":"2022-11-29T11:23:40","guid":{"rendered":"https:\/\/agora.xtec.cat\/ceip-ignasiiglesias-cornella\/?p=6680"},"modified":"2022-11-30T10:03:46","modified_gmt":"2022-11-30T09:03:46","slug":"3r-sortida-a-la-rajoleta","status":"publish","type":"post","link":"https:\/\/agora.xtec.cat\/ceip-ignasiiglesias-cornella\/primaria\/3r-sortida-a-la-rajoleta\/","title":{"rendered":"3r &#8211; Sortida a la Rajoleta"},"content":{"rendered":"<p>El passat dijous 11 de Novembre, els alumnes de 3r de l&#8217;escola vam anar a visitar la Rajoleta (Esplugues de Llobregat). La Rajoleta era l&#8217;antiga f\u00e0brica de cer\u00e0mica Pujol i Bausis all\u00e0 per l&#8217;any 1858.<\/p>\n<p>En aquesta sortida, els alumnes van poder con\u00e8ixer a fons la hist\u00f2ria de la f\u00e0brica i van poder decorar una pe\u00e7a de cer\u00e0mica que es van endur cap a casa.<\/p>\n<p>Ens ho vam passar molt b\u00e9, prova d\u2019aix\u00f2 les fotos que adjuntem en el seg\u00fcent enlla\u00e7.<\/p>\n<p><a href=\"https:\/\/photos.app.goo.gl\/qQUgk3rEdACYfeRCA\" target=\"_blank\" rel=\"noopener\">La rajoleta fotos<\/a><\/p>\n<p><a href=\"https:\/\/agora.xtec.cat\/ceip-ignasiiglesias-cornella\/wp-content\/uploads\/usu1592\/2022\/11\/14950120508211-1.jpg\"><img loading=\"lazy\" decoding=\"async\" class=\"alignnone size-full wp-image-6683\" src=\"https:\/\/agora.xtec.cat\/ceip-ignasiiglesias-cornella\/wp-content\/uploads\/usu1592\/2022\/11\/14950120508211-1.jpg\" alt=\"\" width=\"1000\" height=\"667\" srcset=\"https:\/\/agora.xtec.cat\/ceip-ignasiiglesias-cornella\/wp-content\/uploads\/usu1592\/2022\/11\/14950120508211-1.jpg 1000w, https:\/\/agora.xtec.cat\/ceip-ignasiiglesias-cornella\/wp-content\/uploads\/usu1592\/2022\/11\/14950120508211-1-300x200.jpg 300w, https:\/\/agora.xtec.cat\/ceip-ignasiiglesias-cornella\/wp-content\/uploads\/usu1592\/2022\/11\/14950120508211-1-768x512.jpg 768w\" sizes=\"auto, (max-width: 1000px) 100vw, 1000px\" \/><\/a><\/p>\n","protected":false},"excerpt":{"rendered":"<p>El passat dijous 11 de Novembre, els alumnes de 3r de l&#8217;escola vam anar a visitar la Rajoleta (Esplugues de Llobregat). La Rajoleta era l&#8217;antiga f\u00e0brica de cer\u00e0mica Pujol i Bausis all\u00e0 per l&#8217;any 1858.<br \/>\nEn aquesta sortida, els alumnes van poder con\u00e8ixer a fons la&hellip;  <a href=\"https:\/\/agora.xtec.cat\/ceip-ignasiiglesias-cornella\/primaria\/3r-sortida-a-la-rajoleta\/\" title=\"Read 3r &#8211; Sortida a la Rajoleta\">Llegeix m\u00e9s\u00bb<\/a><\/p>\n","protected":false},"author":4,"featured_media":6681,"comment_status":"open","ping_status":"closed","sticky":false,"template":"","format":"standard","meta":{"_bbp_topic_count":0,"_bbp_reply_count":0,"_bbp_total_topic_count":0,"_bbp_total_reply_count":0,"_bbp_voice_count":0,"_bbp_anonymous_reply_count":0,"_bbp_topic_count_hidden":0,"_bbp_reply_count_hidden":0,"_bbp_forum_subforum_count":0,"footnotes":""},"categories":[920,12,5,899],"tags":[174,961,147,960,141],"class_list":["post-6680","post","type-post","status-publish","format-standard","has-post-thumbnail","hentry","category-3r","category-cicle-mitja","category-primaria","category-sortida","tag-3r","tag-esplugues-de-llobregat","tag-novembre","tag-rajoleta","tag-sortida"],"post_mailing_queue_ids":[],"_links":{"self":[{"href":"https:\/\/agora.xtec.cat\/ceip-ignasiiglesias-cornella\/wp-json\/wp\/v2\/posts\/6680","targetHints":{"allow":["GET"]}}],"collection":[{"href":"https:\/\/agora.xtec.cat\/ceip-ignasiiglesias-cornella\/wp-json\/wp\/v2\/posts"}],"about":[{"href":"https:\/\/agora.xtec.cat\/ceip-ignasiiglesias-cornella\/wp-json\/wp\/v2\/types\/post"}],"author":[{"embeddable":true,"href":"https:\/\/agora.xtec.cat\/ceip-ignasiiglesias-cornella\/wp-json\/wp\/v2\/users\/4"}],"replies":[{"embeddable":true,"href":"https:\/\/agora.xtec.cat\/ceip-ignasiiglesias-cornella\/wp-json\/wp\/v2\/comments?post=6680"}],"version-history":[{"count":3,"href":"https:\/\/agora.xtec.cat\/ceip-ignasiiglesias-cornella\/wp-json\/wp\/v2\/posts\/6680\/revisions"}],"predecessor-version":[{"id":6685,"href":"https:\/\/agora.xtec.cat\/ceip-ignasiiglesias-cornella\/wp-json\/wp\/v2\/posts\/6680\/revisions\/6685"}],"wp:featuredmedia":[{"embeddable":true,"href":"https:\/\/agora.xtec.cat\/ceip-ignasiiglesias-cornella\/wp-json\/wp\/v2\/media\/6681"}],"wp:attachment":[{"href":"https:\/\/agora.xtec.cat\/ceip-ignasiiglesias-cornella\/wp-json\/wp\/v2\/media?parent=6680"}],"wp:term":[{"taxonomy":"category","embeddable":true,"href":"https:\/\/agora.xtec.cat\/ceip-ignasiiglesias-cornella\/wp-json\/wp\/v2\/categories?post=6680"},{"taxonomy":"post_tag","embeddable":true,"href":"https:\/\/agora.xtec.cat\/ceip-ignasiiglesias-cornella\/wp-json\/wp\/v2\/tags?post=6680"}],"curies":[{"name":"wp","href":"https:\/\/api.w.org\/{rel}","templated":true}]}}