{"id":6671,"date":"2022-11-29T12:29:20","date_gmt":"2022-11-29T11:29:20","guid":{"rendered":"https:\/\/agora.xtec.cat\/ceip-ignasiiglesias-cornella\/?p=6671"},"modified":"2022-11-30T08:49:55","modified_gmt":"2022-11-30T07:49:55","slug":"25n-violencia-de-genere","status":"publish","type":"post","link":"https:\/\/agora.xtec.cat\/ceip-ignasiiglesias-cornella\/general\/25n-violencia-de-genere\/","title":{"rendered":"25N &#8211; Dia Internacional per a l&#8217;Eliminaci\u00f3 de la Viol\u00e8ncia envers la Dona"},"content":{"rendered":"<p>El passat 25 de Novembre va ser el <strong>Dia Internacional de l&#8217;Eliminaci\u00f3 de la Viol\u00e8ncia contra la Dona<\/strong> i a l\u2019escola es va treballar aquest fet i vam parlar sobre casos que havien ocorregut per donar visibilitat i poder identificar casos quan passin a prop i no callar.<\/p>\n<p>Es va treballar a partir de diferents can\u00e7ons, i com era el missatge que aquestes volien donar al p\u00fablic. Un cop treballada la lletra, vam apuntar una s\u00e8rie de paraules que cr\u00e8iem clau de la pr\u00f2pia can\u00e7\u00f3. I, totes juntes, vam formar: El Pentagrama del 25-N.<\/p>\n<p><a href=\"https:\/\/photos.app.goo.gl\/f37u4yMb5V1eDGPMA\" target=\"_blank\" rel=\"noopener\">25N &#8211; Contra la viol\u00e8ncia de g\u00e8nere fotos<\/a><\/p>\n<p><a href=\"https:\/\/agora.xtec.cat\/ceip-ignasiiglesias-cornella\/wp-content\/uploads\/usu1592\/2022\/11\/violencia-masclista.jpg\"><img loading=\"lazy\" decoding=\"async\" class=\"size-full wp-image-6689 aligncenter\" src=\"https:\/\/agora.xtec.cat\/ceip-ignasiiglesias-cornella\/wp-content\/uploads\/usu1592\/2022\/11\/violencia-masclista.jpg\" alt=\"\" width=\"488\" height=\"279\" srcset=\"https:\/\/agora.xtec.cat\/ceip-ignasiiglesias-cornella\/wp-content\/uploads\/usu1592\/2022\/11\/violencia-masclista.jpg 488w, https:\/\/agora.xtec.cat\/ceip-ignasiiglesias-cornella\/wp-content\/uploads\/usu1592\/2022\/11\/violencia-masclista-300x172.jpg 300w\" sizes=\"auto, (max-width: 488px) 100vw, 488px\" \/><\/a><\/p>\n","protected":false},"excerpt":{"rendered":"<p>El passat 25 de Novembre va ser el Dia Internacional de l&#8217;Eliminaci\u00f3 de la Viol\u00e8ncia contra la Dona i a l\u2019escola es va treballar aquest fet i vam parlar sobre casos que havien ocorregut per donar visibilitat i poder identificar casos quan passin a prop&hellip;  <a href=\"https:\/\/agora.xtec.cat\/ceip-ignasiiglesias-cornella\/general\/25n-violencia-de-genere\/\" title=\"Read 25N &#8211; Dia Internacional per a l&#8217;Eliminaci\u00f3 de la Viol\u00e8ncia envers la Dona\">Llegeix m\u00e9s\u00bb<\/a><\/p>\n","protected":false},"author":4,"featured_media":6689,"comment_status":"open","ping_status":"closed","sticky":false,"template":"","format":"standard","meta":{"_bbp_topic_count":0,"_bbp_reply_count":0,"_bbp_total_topic_count":0,"_bbp_total_reply_count":0,"_bbp_voice_count":0,"_bbp_anonymous_reply_count":0,"_bbp_topic_count_hidden":0,"_bbp_reply_count_hidden":0,"_bbp_forum_subforum_count":0,"footnotes":""},"categories":[1,2,4,5],"tags":[838,147,962],"class_list":["post-6671","post","type-post","status-publish","format-standard","has-post-thumbnail","hentry","category-general","category-infantil","category-portada","category-primaria","tag-25n","tag-novembre","tag-violencia-de-genere"],"post_mailing_queue_ids":[],"_links":{"self":[{"href":"https:\/\/agora.xtec.cat\/ceip-ignasiiglesias-cornella\/wp-json\/wp\/v2\/posts\/6671","targetHints":{"allow":["GET"]}}],"collection":[{"href":"https:\/\/agora.xtec.cat\/ceip-ignasiiglesias-cornella\/wp-json\/wp\/v2\/posts"}],"about":[{"href":"https:\/\/agora.xtec.cat\/ceip-ignasiiglesias-cornella\/wp-json\/wp\/v2\/types\/post"}],"author":[{"embeddable":true,"href":"https:\/\/agora.xtec.cat\/ceip-ignasiiglesias-cornella\/wp-json\/wp\/v2\/users\/4"}],"replies":[{"embeddable":true,"href":"https:\/\/agora.xtec.cat\/ceip-ignasiiglesias-cornella\/wp-json\/wp\/v2\/comments?post=6671"}],"version-history":[{"count":3,"href":"https:\/\/agora.xtec.cat\/ceip-ignasiiglesias-cornella\/wp-json\/wp\/v2\/posts\/6671\/revisions"}],"predecessor-version":[{"id":6692,"href":"https:\/\/agora.xtec.cat\/ceip-ignasiiglesias-cornella\/wp-json\/wp\/v2\/posts\/6671\/revisions\/6692"}],"wp:featuredmedia":[{"embeddable":true,"href":"https:\/\/agora.xtec.cat\/ceip-ignasiiglesias-cornella\/wp-json\/wp\/v2\/media\/6689"}],"wp:attachment":[{"href":"https:\/\/agora.xtec.cat\/ceip-ignasiiglesias-cornella\/wp-json\/wp\/v2\/media?parent=6671"}],"wp:term":[{"taxonomy":"category","embeddable":true,"href":"https:\/\/agora.xtec.cat\/ceip-ignasiiglesias-cornella\/wp-json\/wp\/v2\/categories?post=6671"},{"taxonomy":"post_tag","embeddable":true,"href":"https:\/\/agora.xtec.cat\/ceip-ignasiiglesias-cornella\/wp-json\/wp\/v2\/tags?post=6671"}],"curies":[{"name":"wp","href":"https:\/\/api.w.org\/{rel}","templated":true}]}}