{"id":6666,"date":"2022-11-28T10:52:22","date_gmt":"2022-11-28T09:52:22","guid":{"rendered":"https:\/\/agora.xtec.cat\/ceip-ignasiiglesias-cornella\/?p=6666"},"modified":"2022-11-28T13:46:23","modified_gmt":"2022-11-28T12:46:23","slug":"20n-drets-dels-infants","status":"publish","type":"post","link":"https:\/\/agora.xtec.cat\/ceip-ignasiiglesias-cornella\/general\/20n-drets-dels-infants\/","title":{"rendered":"20N Drets dels infants"},"content":{"rendered":"<p>El dia 20 de novembre se celebra el\u00a0<strong>Dia Internacional de la Inf\u00e0ncia<\/strong>, en commemoraci\u00f3 de la<em>\u00a0Declaraci\u00f3 Universal dels Drets dels Infants<\/em>\u00a0aprovada per l&#8217;Organitzaci\u00f3 de les Nacions Unides l&#8217;any 1959.<\/p>\n<p>A l&#8217;escola ho celebrem cada curs per recordar que els infants tenen uns drets que cal assegurar independentment de les circumst\u00e0ncies i del lloc del m\u00f3n on hagin nascut.<\/p>\n<p>A P3 han treballat el dret a l&#8217; habitatge, a l&#8217;alimentaci\u00f3 i a la salut.<\/p>\n<p>A P4 el dret d&#8217; identitat (tenir un nom), i al dret a tenir fam\u00edlia.<\/p>\n<p>A P5, a partir de la visualitzaci\u00f3 d&#8217; un v\u00eddeo els infants han escrit una paraula o desig en relaci\u00f3 als drets dels infants.<\/p>\n<p>Els infants de 1r, 2n, 3r, 4t, 5\u00e8 i 6\u00e8, han treballat a partir d&#8217; un conte sobre la vida de <span class=\"mw-page-title-main\"><a href=\"https:\/\/es.wikipedia.org\/wiki\/Malala_Yousafzai\">Malala Yousafzai, <\/a>El llapis m\u00e0gic de la Malala.<br \/>\n<\/span><\/p>\n<p>A m\u00e9s, els infants de 5\u00e8 han anat a la pla\u00e7a Sant Ildefons de Cornell\u00e0 amb d&#8217;altres escoles a escoltar la lectura del manifest i a fer activitats relacionades amb els drets de salut, educaci\u00f3 i protecci\u00f3. Han fet un mural col\u00b7laboratiu i han acabat la jornada ballant i cantant amb un grup d&#8217;animaci\u00f3<\/p>\n<p>Cliqueu la imatge i veureu els treballs que han estat realitzant els infants de l&#8217;escola.<\/p>\n<p><a href=\"https:\/\/photos.app.goo.gl\/cNUoJHUJDdf6eXdm9\"><img loading=\"lazy\" decoding=\"async\" class=\"aligncenter wp-image-6667 size-full\" src=\"https:\/\/agora.xtec.cat\/ceip-ignasiiglesias-cornella\/wp-content\/uploads\/usu1592\/2022\/11\/drets-dels-infants.png\" alt=\"\" width=\"533\" height=\"357\" srcset=\"https:\/\/agora.xtec.cat\/ceip-ignasiiglesias-cornella\/wp-content\/uploads\/usu1592\/2022\/11\/drets-dels-infants.png 533w, https:\/\/agora.xtec.cat\/ceip-ignasiiglesias-cornella\/wp-content\/uploads\/usu1592\/2022\/11\/drets-dels-infants-300x201.png 300w\" sizes=\"auto, (max-width: 533px) 100vw, 533px\" \/><\/a><\/p>\n","protected":false},"excerpt":{"rendered":"<p>El dia 20 de novembre se celebra el\u00a0Dia Internacional de la Inf\u00e0ncia, en commemoraci\u00f3 de la\u00a0Declaraci\u00f3 Universal dels Drets dels Infants\u00a0aprovada per l&#8217;Organitzaci\u00f3 de les Nacions Unides l&#8217;any 1959.<br \/>\nA l&#8217;escola ho celebrem cada curs per recordar que els infants tenen uns drets que cal assegurar&hellip;  <a href=\"https:\/\/agora.xtec.cat\/ceip-ignasiiglesias-cornella\/general\/20n-drets-dels-infants\/\" title=\"Read 20N Drets dels infants\">Llegeix m\u00e9s\u00bb<\/a><\/p>\n","protected":false},"author":4,"featured_media":6667,"comment_status":"open","ping_status":"closed","sticky":false,"template":"","format":"standard","meta":{"_bbp_topic_count":0,"_bbp_reply_count":0,"_bbp_total_topic_count":0,"_bbp_total_reply_count":0,"_bbp_voice_count":0,"_bbp_anonymous_reply_count":0,"_bbp_topic_count_hidden":0,"_bbp_reply_count_hidden":0,"_bbp_forum_subforum_count":0,"footnotes":""},"categories":[10,12,14,1,3,8,9,4],"tags":[167,168],"class_list":["post-6666","post","type-post","status-publish","format-standard","has-post-thumbnail","hentry","category-cicle-inicial","category-cicle-mitja","category-cicle-superior","category-general","category-p3","category-p4","category-p5","category-portada","tag-drets","tag-infants"],"post_mailing_queue_ids":[],"_links":{"self":[{"href":"https:\/\/agora.xtec.cat\/ceip-ignasiiglesias-cornella\/wp-json\/wp\/v2\/posts\/6666","targetHints":{"allow":["GET"]}}],"collection":[{"href":"https:\/\/agora.xtec.cat\/ceip-ignasiiglesias-cornella\/wp-json\/wp\/v2\/posts"}],"about":[{"href":"https:\/\/agora.xtec.cat\/ceip-ignasiiglesias-cornella\/wp-json\/wp\/v2\/types\/post"}],"author":[{"embeddable":true,"href":"https:\/\/agora.xtec.cat\/ceip-ignasiiglesias-cornella\/wp-json\/wp\/v2\/users\/4"}],"replies":[{"embeddable":true,"href":"https:\/\/agora.xtec.cat\/ceip-ignasiiglesias-cornella\/wp-json\/wp\/v2\/comments?post=6666"}],"version-history":[{"count":3,"href":"https:\/\/agora.xtec.cat\/ceip-ignasiiglesias-cornella\/wp-json\/wp\/v2\/posts\/6666\/revisions"}],"predecessor-version":[{"id":6675,"href":"https:\/\/agora.xtec.cat\/ceip-ignasiiglesias-cornella\/wp-json\/wp\/v2\/posts\/6666\/revisions\/6675"}],"wp:featuredmedia":[{"embeddable":true,"href":"https:\/\/agora.xtec.cat\/ceip-ignasiiglesias-cornella\/wp-json\/wp\/v2\/media\/6667"}],"wp:attachment":[{"href":"https:\/\/agora.xtec.cat\/ceip-ignasiiglesias-cornella\/wp-json\/wp\/v2\/media?parent=6666"}],"wp:term":[{"taxonomy":"category","embeddable":true,"href":"https:\/\/agora.xtec.cat\/ceip-ignasiiglesias-cornella\/wp-json\/wp\/v2\/categories?post=6666"},{"taxonomy":"post_tag","embeddable":true,"href":"https:\/\/agora.xtec.cat\/ceip-ignasiiglesias-cornella\/wp-json\/wp\/v2\/tags?post=6666"}],"curies":[{"name":"wp","href":"https:\/\/api.w.org\/{rel}","templated":true}]}}