{"id":6662,"date":"2022-11-28T10:52:15","date_gmt":"2022-11-28T09:52:15","guid":{"rendered":"https:\/\/agora.xtec.cat\/ceip-ignasiiglesias-cornella\/?p=6662"},"modified":"2022-12-07T19:23:47","modified_gmt":"2022-12-07T18:23:47","slug":"taller-de-musica","status":"publish","type":"post","link":"https:\/\/agora.xtec.cat\/ceip-ignasiiglesias-cornella\/infantil\/p3\/taller-de-musica\/","title":{"rendered":"P3. Taller de m\u00fasica"},"content":{"rendered":"<p>El passat 7 de novembre els infants de les classes d&#8217;I3 van poder gaudir de la visita d&#8217;en Pep, un m\u00fasic que a trav\u00e9s de la hist\u00f2ria d&#8217;un cargol i de les seves aventures, ens va convidar a con\u00e8ixer un munt d&#8217;instruments creats amb materials reciclats!<\/p>\n<p>Vam poder tocar molts instruments i materials i descobrir els sons que produ\u00efen!<\/p>\n<p><a href=\"https:\/\/agora.xtec.cat\/ceip-ignasiiglesias-cornella\/educacio-infantil-2022-2023\/\"><img loading=\"lazy\" decoding=\"async\" class=\"aligncenter wp-image-6664\" src=\"https:\/\/agora.xtec.cat\/ceip-ignasiiglesias-cornella\/wp-content\/uploads\/usu1592\/2022\/11\/Pep-ok-688x1024.jpg\" alt=\"\" width=\"166\" height=\"247\" srcset=\"https:\/\/agora.xtec.cat\/ceip-ignasiiglesias-cornella\/wp-content\/uploads\/usu1592\/2022\/11\/Pep-ok-688x1024.jpg 688w, https:\/\/agora.xtec.cat\/ceip-ignasiiglesias-cornella\/wp-content\/uploads\/usu1592\/2022\/11\/Pep-ok-201x300.jpg 201w, https:\/\/agora.xtec.cat\/ceip-ignasiiglesias-cornella\/wp-content\/uploads\/usu1592\/2022\/11\/Pep-ok-768x1144.jpg 768w, https:\/\/agora.xtec.cat\/ceip-ignasiiglesias-cornella\/wp-content\/uploads\/usu1592\/2022\/11\/Pep-ok-1031x1536.jpg 1031w, https:\/\/agora.xtec.cat\/ceip-ignasiiglesias-cornella\/wp-content\/uploads\/usu1592\/2022\/11\/Pep-ok.jpg 1365w\" sizes=\"auto, (max-width: 166px) 100vw, 166px\" \/><\/a><\/p>\n<p>Cliqueu a la fotografia per poder veure que b\u00e9 ens ho vam passar!<\/p>\n","protected":false},"excerpt":{"rendered":"<p>El passat 7 de novembre els infants de les classes d&#8217;I3 van poder gaudir de la visita d&#8217;en Pep, un m\u00fasic que a trav\u00e9s de la hist\u00f2ria d&#8217;un cargol i de les seves aventures, ens va convidar a con\u00e8ixer un munt d&#8217;instruments creats amb materials&hellip;  <a href=\"https:\/\/agora.xtec.cat\/ceip-ignasiiglesias-cornella\/infantil\/p3\/taller-de-musica\/\" title=\"Read P3. Taller de m\u00fasica\">Llegeix m\u00e9s\u00bb<\/a><\/p>\n","protected":false},"author":4,"featured_media":6664,"comment_status":"open","ping_status":"closed","sticky":false,"template":"","format":"standard","meta":{"_bbp_topic_count":0,"_bbp_reply_count":0,"_bbp_total_topic_count":0,"_bbp_total_reply_count":0,"_bbp_voice_count":0,"_bbp_anonymous_reply_count":0,"_bbp_topic_count_hidden":0,"_bbp_reply_count_hidden":0,"_bbp_forum_subforum_count":0,"footnotes":""},"categories":[72,3,4],"tags":[366,959,114],"class_list":["post-6662","post","type-post","status-publish","format-standard","has-post-thumbnail","hentry","category-musica","category-p3","category-portada","tag-instruments","tag-material-reciclat","tag-musica-harmonica-5e"],"post_mailing_queue_ids":[],"_links":{"self":[{"href":"https:\/\/agora.xtec.cat\/ceip-ignasiiglesias-cornella\/wp-json\/wp\/v2\/posts\/6662","targetHints":{"allow":["GET"]}}],"collection":[{"href":"https:\/\/agora.xtec.cat\/ceip-ignasiiglesias-cornella\/wp-json\/wp\/v2\/posts"}],"about":[{"href":"https:\/\/agora.xtec.cat\/ceip-ignasiiglesias-cornella\/wp-json\/wp\/v2\/types\/post"}],"author":[{"embeddable":true,"href":"https:\/\/agora.xtec.cat\/ceip-ignasiiglesias-cornella\/wp-json\/wp\/v2\/users\/4"}],"replies":[{"embeddable":true,"href":"https:\/\/agora.xtec.cat\/ceip-ignasiiglesias-cornella\/wp-json\/wp\/v2\/comments?post=6662"}],"version-history":[{"count":3,"href":"https:\/\/agora.xtec.cat\/ceip-ignasiiglesias-cornella\/wp-json\/wp\/v2\/posts\/6662\/revisions"}],"predecessor-version":[{"id":6744,"href":"https:\/\/agora.xtec.cat\/ceip-ignasiiglesias-cornella\/wp-json\/wp\/v2\/posts\/6662\/revisions\/6744"}],"wp:featuredmedia":[{"embeddable":true,"href":"https:\/\/agora.xtec.cat\/ceip-ignasiiglesias-cornella\/wp-json\/wp\/v2\/media\/6664"}],"wp:attachment":[{"href":"https:\/\/agora.xtec.cat\/ceip-ignasiiglesias-cornella\/wp-json\/wp\/v2\/media?parent=6662"}],"wp:term":[{"taxonomy":"category","embeddable":true,"href":"https:\/\/agora.xtec.cat\/ceip-ignasiiglesias-cornella\/wp-json\/wp\/v2\/categories?post=6662"},{"taxonomy":"post_tag","embeddable":true,"href":"https:\/\/agora.xtec.cat\/ceip-ignasiiglesias-cornella\/wp-json\/wp\/v2\/tags?post=6662"}],"curies":[{"name":"wp","href":"https:\/\/api.w.org\/{rel}","templated":true}]}}