{"id":6656,"date":"2022-11-28T10:52:04","date_gmt":"2022-11-28T09:52:04","guid":{"rendered":"https:\/\/agora.xtec.cat\/ceip-ignasiiglesias-cornella\/?p=6656"},"modified":"2022-11-29T11:07:44","modified_gmt":"2022-11-29T10:07:44","slug":"activitat-lab-sobre-rodes","status":"publish","type":"post","link":"https:\/\/agora.xtec.cat\/ceip-ignasiiglesias-cornella\/general\/activitat-lab-sobre-rodes\/","title":{"rendered":"Activitat Lab sobre rodes"},"content":{"rendered":"<p>El passat 7 d&#8217;octubre els infants de les classes d&#8217;I3 van poder gaudir de l&#8217; activitat <strong>Lab sobre rodes <\/strong>organitzada pel\u00a0Lab 0-6 (Centre de descoberta, recerca i documentaci\u00f3 per a l&#8217;educaci\u00f3 cient\u00edfica a les primeres edats).<\/p>\n<p>Una proposta plena de petits reptes cient\u00edfics que ens va deixar bocabadats\/des!<\/p>\n<p>Va ser una experi\u00e8ncia molt enriquidora, plena de descobriments i sorpreses!<\/p>\n<p><a href=\"https:\/\/agora.xtec.cat\/ceip-ignasiiglesias-cornella\/educacio-infantil-2022-2023\/\"><img loading=\"lazy\" decoding=\"async\" class=\"aligncenter wp-image-6659\" src=\"https:\/\/agora.xtec.cat\/ceip-ignasiiglesias-cornella\/wp-content\/uploads\/usu1592\/2022\/11\/imatge-destacada-lab-0-6-1024x768.jpg\" alt=\"\" width=\"352\" height=\"264\" srcset=\"https:\/\/agora.xtec.cat\/ceip-ignasiiglesias-cornella\/wp-content\/uploads\/usu1592\/2022\/11\/imatge-destacada-lab-0-6-1024x768.jpg 1024w, https:\/\/agora.xtec.cat\/ceip-ignasiiglesias-cornella\/wp-content\/uploads\/usu1592\/2022\/11\/imatge-destacada-lab-0-6-300x225.jpg 300w, https:\/\/agora.xtec.cat\/ceip-ignasiiglesias-cornella\/wp-content\/uploads\/usu1592\/2022\/11\/imatge-destacada-lab-0-6-768x576.jpg 768w, https:\/\/agora.xtec.cat\/ceip-ignasiiglesias-cornella\/wp-content\/uploads\/usu1592\/2022\/11\/imatge-destacada-lab-0-6-1536x1152.jpg 1536w, https:\/\/agora.xtec.cat\/ceip-ignasiiglesias-cornella\/wp-content\/uploads\/usu1592\/2022\/11\/imatge-destacada-lab-0-6-200x150.jpg 200w, https:\/\/agora.xtec.cat\/ceip-ignasiiglesias-cornella\/wp-content\/uploads\/usu1592\/2022\/11\/imatge-destacada-lab-0-6.jpg 1672w\" sizes=\"auto, (max-width: 352px) 100vw, 352px\" \/><\/a><\/p>\n<p>Cliqueu sobre la imatge per veure com van gaudir tos els nens i nenes!<\/p>\n","protected":false},"excerpt":{"rendered":"<p>El passat 7 d&#8217;octubre els infants de les classes d&#8217;I3 van poder gaudir de l&#8217; activitat Lab sobre rodes organitzada pel\u00a0Lab 0-6 (Centre de descoberta, recerca i documentaci\u00f3 per a l&#8217;educaci\u00f3 cient\u00edfica a les primeres edats).<br \/>\nUna proposta plena de petits reptes cient\u00edfics que ens va&hellip;  <a href=\"https:\/\/agora.xtec.cat\/ceip-ignasiiglesias-cornella\/general\/activitat-lab-sobre-rodes\/\" title=\"Read Activitat Lab sobre rodes\">Llegeix m\u00e9s\u00bb<\/a><\/p>\n","protected":false},"author":4,"featured_media":6659,"comment_status":"open","ping_status":"closed","sticky":false,"template":"","format":"standard","meta":{"_bbp_topic_count":0,"_bbp_reply_count":0,"_bbp_total_topic_count":0,"_bbp_total_reply_count":0,"_bbp_voice_count":0,"_bbp_anonymous_reply_count":0,"_bbp_topic_count_hidden":0,"_bbp_reply_count_hidden":0,"_bbp_forum_subforum_count":0,"footnotes":""},"categories":[1,3,4],"tags":[156,957,628,958],"class_list":["post-6656","post","type-post","status-publish","format-standard","has-post-thumbnail","hentry","category-general","category-p3","category-portada","tag-ciencies","tag-descobriments","tag-experimentacio","tag-hipotesis"],"post_mailing_queue_ids":[],"_links":{"self":[{"href":"https:\/\/agora.xtec.cat\/ceip-ignasiiglesias-cornella\/wp-json\/wp\/v2\/posts\/6656","targetHints":{"allow":["GET"]}}],"collection":[{"href":"https:\/\/agora.xtec.cat\/ceip-ignasiiglesias-cornella\/wp-json\/wp\/v2\/posts"}],"about":[{"href":"https:\/\/agora.xtec.cat\/ceip-ignasiiglesias-cornella\/wp-json\/wp\/v2\/types\/post"}],"author":[{"embeddable":true,"href":"https:\/\/agora.xtec.cat\/ceip-ignasiiglesias-cornella\/wp-json\/wp\/v2\/users\/4"}],"replies":[{"embeddable":true,"href":"https:\/\/agora.xtec.cat\/ceip-ignasiiglesias-cornella\/wp-json\/wp\/v2\/comments?post=6656"}],"version-history":[{"count":3,"href":"https:\/\/agora.xtec.cat\/ceip-ignasiiglesias-cornella\/wp-json\/wp\/v2\/posts\/6656\/revisions"}],"predecessor-version":[{"id":6676,"href":"https:\/\/agora.xtec.cat\/ceip-ignasiiglesias-cornella\/wp-json\/wp\/v2\/posts\/6656\/revisions\/6676"}],"wp:featuredmedia":[{"embeddable":true,"href":"https:\/\/agora.xtec.cat\/ceip-ignasiiglesias-cornella\/wp-json\/wp\/v2\/media\/6659"}],"wp:attachment":[{"href":"https:\/\/agora.xtec.cat\/ceip-ignasiiglesias-cornella\/wp-json\/wp\/v2\/media?parent=6656"}],"wp:term":[{"taxonomy":"category","embeddable":true,"href":"https:\/\/agora.xtec.cat\/ceip-ignasiiglesias-cornella\/wp-json\/wp\/v2\/categories?post=6656"},{"taxonomy":"post_tag","embeddable":true,"href":"https:\/\/agora.xtec.cat\/ceip-ignasiiglesias-cornella\/wp-json\/wp\/v2\/tags?post=6656"}],"curies":[{"name":"wp","href":"https:\/\/api.w.org\/{rel}","templated":true}]}}