{"id":6556,"date":"2022-10-02T19:51:18","date_gmt":"2022-10-02T17:51:18","guid":{"rendered":"https:\/\/agora.xtec.cat\/ceip-ignasiiglesias-cornella\/?p=6556"},"modified":"2022-10-03T15:01:26","modified_gmt":"2022-10-03T13:01:26","slug":"comenca-laventura-de-p4","status":"publish","type":"post","link":"https:\/\/agora.xtec.cat\/ceip-ignasiiglesias-cornella\/infantil\/comenca-laventura-de-p4\/","title":{"rendered":"Comen\u00e7a l&#8217;aventura de P4!"},"content":{"rendered":"<p>Fa unes setmanes vam comen\u00e7ar el nou curs i de seguida ens vam habituar a la nova rutina, semblava que no hagu\u00e9s passat el temps! Tots tenien moltes ganes de retrobar-se amb els seus companys i companyes.<\/p>\n<p>Aquest \u00e9s el nostre diari fotogr\u00e0fic del dia a dia a l&#8217;aula de P4. Aqu\u00ed trobareu un recull de fotos de les activitats m\u00e9s significatives que anem fent.<\/p>\n<p>L&#8217;objectiu principal d&#8217;aquestes imatges \u00e9s que les compartiu amb els vostres fills i filles i els hi ajudin a explicar-vos tot all\u00f2 que van fent, potenciant aix\u00ed l&#8217;expressi\u00f3 i el llenguatge oral. Deixeu que us\u00a0expliquin\u00a0les seves viv\u00e8ncies i gaudiu d&#8217;aquestes petites converses plegats.<\/p>\n<p>Cliqueu la imatge i podreu veure que b\u00e9 que ens ho passem!!\u00a0Esperem que us agradi!<\/p>\n<p style=\"text-align: center;\"><a href=\"https:\/\/agora.xtec.cat\/ceip-ignasiiglesias-cornella\/galeria-de-fotos-curs-2022-2023\/\"><img loading=\"lazy\" decoding=\"async\" class=\"alignnone size-large wp-image-6563\" src=\"https:\/\/agora.xtec.cat\/ceip-ignasiiglesias-cornella\/wp-content\/uploads\/usu1592\/2022\/10\/WhatsApp-Image-2022-10-02-at-19.48.13-1024x1024.jpeg\" alt=\"\" width=\"1024\" height=\"1024\" srcset=\"https:\/\/agora.xtec.cat\/ceip-ignasiiglesias-cornella\/wp-content\/uploads\/usu1592\/2022\/10\/WhatsApp-Image-2022-10-02-at-19.48.13-1024x1024.jpeg 1024w, https:\/\/agora.xtec.cat\/ceip-ignasiiglesias-cornella\/wp-content\/uploads\/usu1592\/2022\/10\/WhatsApp-Image-2022-10-02-at-19.48.13-300x300.jpeg 300w, https:\/\/agora.xtec.cat\/ceip-ignasiiglesias-cornella\/wp-content\/uploads\/usu1592\/2022\/10\/WhatsApp-Image-2022-10-02-at-19.48.13-150x150.jpeg 150w, https:\/\/agora.xtec.cat\/ceip-ignasiiglesias-cornella\/wp-content\/uploads\/usu1592\/2022\/10\/WhatsApp-Image-2022-10-02-at-19.48.13-768x768.jpeg 768w, https:\/\/agora.xtec.cat\/ceip-ignasiiglesias-cornella\/wp-content\/uploads\/usu1592\/2022\/10\/WhatsApp-Image-2022-10-02-at-19.48.13-1536x1536.jpeg 1536w, https:\/\/agora.xtec.cat\/ceip-ignasiiglesias-cornella\/wp-content\/uploads\/usu1592\/2022\/10\/WhatsApp-Image-2022-10-02-at-19.48.13.jpeg 1600w\" sizes=\"auto, (max-width: 1024px) 100vw, 1024px\" \/><\/a><\/p>\n<p>&nbsp;<\/p>\n","protected":false},"excerpt":{"rendered":"<p>Fa unes setmanes vam comen\u00e7ar el nou curs i de seguida ens vam habituar a la nova rutina, semblava que no hagu\u00e9s passat el temps! Tots tenien moltes ganes de retrobar-se amb els seus companys i companyes.<br \/>\nAquest \u00e9s el nostre diari fotogr\u00e0fic del dia a&hellip;  <a href=\"https:\/\/agora.xtec.cat\/ceip-ignasiiglesias-cornella\/infantil\/comenca-laventura-de-p4\/\" title=\"Read Comen\u00e7a l&#8217;aventura de P4!\">Llegeix m\u00e9s\u00bb<\/a><\/p>\n","protected":false},"author":1,"featured_media":6563,"comment_status":"closed","ping_status":"closed","sticky":false,"template":"","format":"standard","meta":{"_bbp_topic_count":0,"_bbp_reply_count":0,"_bbp_total_topic_count":0,"_bbp_total_reply_count":0,"_bbp_voice_count":0,"_bbp_anonymous_reply_count":0,"_bbp_topic_count_hidden":0,"_bbp_reply_count_hidden":0,"_bbp_forum_subforum_count":0,"footnotes":""},"categories":[2,8],"tags":[855,954],"class_list":["post-6556","post","type-post","status-publish","format-standard","has-post-thumbnail","hentry","category-infantil","category-p4","tag-infantil-p4","tag-moments-daula"],"post_mailing_queue_ids":[],"_links":{"self":[{"href":"https:\/\/agora.xtec.cat\/ceip-ignasiiglesias-cornella\/wp-json\/wp\/v2\/posts\/6556","targetHints":{"allow":["GET"]}}],"collection":[{"href":"https:\/\/agora.xtec.cat\/ceip-ignasiiglesias-cornella\/wp-json\/wp\/v2\/posts"}],"about":[{"href":"https:\/\/agora.xtec.cat\/ceip-ignasiiglesias-cornella\/wp-json\/wp\/v2\/types\/post"}],"author":[{"embeddable":true,"href":"https:\/\/agora.xtec.cat\/ceip-ignasiiglesias-cornella\/wp-json\/wp\/v2\/users\/1"}],"replies":[{"embeddable":true,"href":"https:\/\/agora.xtec.cat\/ceip-ignasiiglesias-cornella\/wp-json\/wp\/v2\/comments?post=6556"}],"version-history":[{"count":4,"href":"https:\/\/agora.xtec.cat\/ceip-ignasiiglesias-cornella\/wp-json\/wp\/v2\/posts\/6556\/revisions"}],"predecessor-version":[{"id":6567,"href":"https:\/\/agora.xtec.cat\/ceip-ignasiiglesias-cornella\/wp-json\/wp\/v2\/posts\/6556\/revisions\/6567"}],"wp:featuredmedia":[{"embeddable":true,"href":"https:\/\/agora.xtec.cat\/ceip-ignasiiglesias-cornella\/wp-json\/wp\/v2\/media\/6563"}],"wp:attachment":[{"href":"https:\/\/agora.xtec.cat\/ceip-ignasiiglesias-cornella\/wp-json\/wp\/v2\/media?parent=6556"}],"wp:term":[{"taxonomy":"category","embeddable":true,"href":"https:\/\/agora.xtec.cat\/ceip-ignasiiglesias-cornella\/wp-json\/wp\/v2\/categories?post=6556"},{"taxonomy":"post_tag","embeddable":true,"href":"https:\/\/agora.xtec.cat\/ceip-ignasiiglesias-cornella\/wp-json\/wp\/v2\/tags?post=6556"}],"curies":[{"name":"wp","href":"https:\/\/api.w.org\/{rel}","templated":true}]}}