{"id":6487,"date":"2022-06-30T14:13:03","date_gmt":"2022-06-30T12:13:03","guid":{"rendered":"https:\/\/agora.xtec.cat\/ceip-ignasiiglesias-cornella\/?p=6487"},"modified":"2022-07-05T14:18:37","modified_gmt":"2022-07-05T12:18:37","slug":"3r-i-4t-fagot-i-saxo","status":"publish","type":"post","link":"https:\/\/agora.xtec.cat\/ceip-ignasiiglesias-cornella\/portada\/3r-i-4t-fagot-i-saxo\/","title":{"rendered":"3r i 4t. FAGOT I SAXO"},"content":{"rendered":"<p>Els infants de cicle mitj\u00e0 han rebut aquest curs la visita de dos m\u00fasics de la fam\u00edlia del VENT-FUSTA<\/p>\n<p>En el cas de 3r, van rebre la visita d&#8217; un fagotista. El fagot \u00e9s un instrument de la fam\u00edlia del vent-fusta i que t\u00e9 una embocadura de doble canya.<\/p>\n<p>A 4t, van veure una saxofonista. El saxo \u00e9s un instrument de la fam\u00edlia del vent-fusta, tamb\u00e9. La seva embocadura \u00e9s de canya senzilla.<\/p>\n<p>Visiteu la galeria d&#8217; imatges de cicle mitj\u00e0 per veure fotos i v\u00eddeos de les visites.<\/p>\n<p><a href=\"https:\/\/agora.xtec.cat\/ceip-ignasiiglesias-cornella\/cicle-mitja-2021-2022\/\"><img loading=\"lazy\" decoding=\"async\" class=\"alignleft wp-image-6484 size-medium\" src=\"https:\/\/agora.xtec.cat\/ceip-ignasiiglesias-cornella\/wp-content\/uploads\/usu1592\/2022\/07\/FAGOT-199x300.jpg\" alt=\"\" width=\"199\" height=\"300\" srcset=\"https:\/\/agora.xtec.cat\/ceip-ignasiiglesias-cornella\/wp-content\/uploads\/usu1592\/2022\/07\/FAGOT-199x300.jpg 199w, https:\/\/agora.xtec.cat\/ceip-ignasiiglesias-cornella\/wp-content\/uploads\/usu1592\/2022\/07\/FAGOT.jpg 236w\" sizes=\"auto, (max-width: 199px) 100vw, 199px\" \/><\/a><\/p>\n<p><a href=\"https:\/\/agora.xtec.cat\/ceip-ignasiiglesias-cornella\/cicle-mitja-2021-2022\/\"><img loading=\"lazy\" decoding=\"async\" class=\"alignleft wp-image-6485 size-medium\" src=\"https:\/\/agora.xtec.cat\/ceip-ignasiiglesias-cornella\/wp-content\/uploads\/usu1592\/2022\/07\/IMG-20220523-WA0018-169x300.jpg\" alt=\"\" width=\"169\" height=\"300\" srcset=\"https:\/\/agora.xtec.cat\/ceip-ignasiiglesias-cornella\/wp-content\/uploads\/usu1592\/2022\/07\/IMG-20220523-WA0018-169x300.jpg 169w, https:\/\/agora.xtec.cat\/ceip-ignasiiglesias-cornella\/wp-content\/uploads\/usu1592\/2022\/07\/IMG-20220523-WA0018-576x1024.jpg 576w, https:\/\/agora.xtec.cat\/ceip-ignasiiglesias-cornella\/wp-content\/uploads\/usu1592\/2022\/07\/IMG-20220523-WA0018-768x1365.jpg 768w, https:\/\/agora.xtec.cat\/ceip-ignasiiglesias-cornella\/wp-content\/uploads\/usu1592\/2022\/07\/IMG-20220523-WA0018-864x1536.jpg 864w, https:\/\/agora.xtec.cat\/ceip-ignasiiglesias-cornella\/wp-content\/uploads\/usu1592\/2022\/07\/IMG-20220523-WA0018.jpg 1080w\" sizes=\"auto, (max-width: 169px) 100vw, 169px\" \/><\/a><\/p>\n","protected":false},"excerpt":{"rendered":"<p>Els infants de cicle mitj\u00e0 han rebut aquest curs la visita de dos m\u00fasics de la fam\u00edlia del VENT-FUSTA<br \/>\nEn el cas de 3r, van rebre la visita d&#8217; un fagotista. El fagot \u00e9s un instrument de la fam\u00edlia del vent-fusta i que t\u00e9 una embocadura&hellip;  <a href=\"https:\/\/agora.xtec.cat\/ceip-ignasiiglesias-cornella\/portada\/3r-i-4t-fagot-i-saxo\/\" title=\"Read 3r i 4t. FAGOT I SAXO\">Llegeix m\u00e9s\u00bb<\/a><\/p>\n","protected":false},"author":4,"featured_media":6485,"comment_status":"open","ping_status":"closed","sticky":false,"template":"","format":"standard","meta":{"_bbp_topic_count":0,"_bbp_reply_count":0,"_bbp_total_topic_count":0,"_bbp_total_reply_count":0,"_bbp_voice_count":0,"_bbp_anonymous_reply_count":0,"_bbp_topic_count_hidden":0,"_bbp_reply_count_hidden":0,"_bbp_forum_subforum_count":0,"footnotes":""},"categories":[12,72,4],"tags":[673,114,675],"class_list":["post-6487","post","type-post","status-publish","format-standard","has-post-thumbnail","hentry","category-cicle-mitja","category-musica","category-portada","tag-fagot","tag-musica-harmonica-5e","tag-saxo"],"post_mailing_queue_ids":[],"_links":{"self":[{"href":"https:\/\/agora.xtec.cat\/ceip-ignasiiglesias-cornella\/wp-json\/wp\/v2\/posts\/6487","targetHints":{"allow":["GET"]}}],"collection":[{"href":"https:\/\/agora.xtec.cat\/ceip-ignasiiglesias-cornella\/wp-json\/wp\/v2\/posts"}],"about":[{"href":"https:\/\/agora.xtec.cat\/ceip-ignasiiglesias-cornella\/wp-json\/wp\/v2\/types\/post"}],"author":[{"embeddable":true,"href":"https:\/\/agora.xtec.cat\/ceip-ignasiiglesias-cornella\/wp-json\/wp\/v2\/users\/4"}],"replies":[{"embeddable":true,"href":"https:\/\/agora.xtec.cat\/ceip-ignasiiglesias-cornella\/wp-json\/wp\/v2\/comments?post=6487"}],"version-history":[{"count":1,"href":"https:\/\/agora.xtec.cat\/ceip-ignasiiglesias-cornella\/wp-json\/wp\/v2\/posts\/6487\/revisions"}],"predecessor-version":[{"id":6488,"href":"https:\/\/agora.xtec.cat\/ceip-ignasiiglesias-cornella\/wp-json\/wp\/v2\/posts\/6487\/revisions\/6488"}],"wp:featuredmedia":[{"embeddable":true,"href":"https:\/\/agora.xtec.cat\/ceip-ignasiiglesias-cornella\/wp-json\/wp\/v2\/media\/6485"}],"wp:attachment":[{"href":"https:\/\/agora.xtec.cat\/ceip-ignasiiglesias-cornella\/wp-json\/wp\/v2\/media?parent=6487"}],"wp:term":[{"taxonomy":"category","embeddable":true,"href":"https:\/\/agora.xtec.cat\/ceip-ignasiiglesias-cornella\/wp-json\/wp\/v2\/categories?post=6487"},{"taxonomy":"post_tag","embeddable":true,"href":"https:\/\/agora.xtec.cat\/ceip-ignasiiglesias-cornella\/wp-json\/wp\/v2\/tags?post=6487"}],"curies":[{"name":"wp","href":"https:\/\/api.w.org\/{rel}","templated":true}]}}