{"id":6465,"date":"2022-07-05T13:22:41","date_gmt":"2022-07-05T11:22:41","guid":{"rendered":"https:\/\/agora.xtec.cat\/ceip-ignasiiglesias-cornella\/?p=6465"},"modified":"2022-07-05T13:36:15","modified_gmt":"2022-07-05T11:36:15","slug":"comiat-promocio-2019-2020","status":"publish","type":"post","link":"https:\/\/agora.xtec.cat\/ceip-ignasiiglesias-cornella\/general\/comiat-promocio-2019-2020\/","title":{"rendered":"COMIAT PROMOCI\u00d3 2019-2020"},"content":{"rendered":"<p>El passat 20 de juny, els infants que van fer 6\u00e8 l&#8217;any de la pand\u00e8mia, van poder acomiadar-se per fi de l&#8217;escola en persona. El seu va ser un curs molt at\u00edpic i dif\u00edcil. Els vam poder fer un comiat confinat, per\u00f2 creiem que era important fer un comiat presencial a l&#8217;escola per tal de donar un tancament a aquesta etapa tan important, la de l&#8217;Educaci\u00f3 Infantil i Prim\u00e0ria.<\/p>\n<p>Nois i noies, ens va fer molta il\u00b7lusi\u00f3 retrobar-nos amb tots vosaltres. Un cop m\u00e9s, de part de tot l&#8217;equip de mestres de l&#8217;escola, desitgem que us vagi tot molt b\u00e9!<\/p>\n<p>Les portes de l&#8217; Ignasi sempre les teniu obertes per al que necessiteu!<\/p>\n<p>&nbsp;<\/p>\n<p><a href=\"https:\/\/agora.xtec.cat\/ceip-ignasiiglesias-cornella\/general\/comiat-promocio-2029-2021\/\"><img loading=\"lazy\" decoding=\"async\" class=\"aligncenter wp-image-6468 size-medium\" src=\"https:\/\/agora.xtec.cat\/ceip-ignasiiglesias-cornella\/wp-content\/uploads\/usu1592\/2022\/07\/IMG_20220621_192159-300x146.jpg\" alt=\"\" width=\"300\" height=\"146\" srcset=\"https:\/\/agora.xtec.cat\/ceip-ignasiiglesias-cornella\/wp-content\/uploads\/usu1592\/2022\/07\/IMG_20220621_192159-300x146.jpg 300w, https:\/\/agora.xtec.cat\/ceip-ignasiiglesias-cornella\/wp-content\/uploads\/usu1592\/2022\/07\/IMG_20220621_192159-768x373.jpg 768w, https:\/\/agora.xtec.cat\/ceip-ignasiiglesias-cornella\/wp-content\/uploads\/usu1592\/2022\/07\/IMG_20220621_192159.jpg 980w\" sizes=\"auto, (max-width: 300px) 100vw, 300px\" \/><\/a><\/p>\n<p style=\"text-align: center;\">Clica la foto per accedir a l&#8217;espai privat<\/p>\n","protected":false},"excerpt":{"rendered":"<p>El passat 20 de juny, els infants que van fer 6\u00e8 l&#8217;any de la pand\u00e8mia, van poder acomiadar-se per fi de l&#8217;escola en persona. El seu va ser un curs molt at\u00edpic i dif\u00edcil. Els vam poder fer un comiat confinat, per\u00f2 creiem que era&hellip;  <a href=\"https:\/\/agora.xtec.cat\/ceip-ignasiiglesias-cornella\/general\/comiat-promocio-2019-2020\/\" title=\"Read COMIAT PROMOCI\u00d3 2019-2020\">Llegeix m\u00e9s\u00bb<\/a><\/p>\n","protected":false},"author":4,"featured_media":6468,"comment_status":"open","ping_status":"closed","sticky":false,"template":"","format":"standard","meta":{"_bbp_topic_count":0,"_bbp_reply_count":0,"_bbp_total_topic_count":0,"_bbp_total_reply_count":0,"_bbp_voice_count":0,"_bbp_anonymous_reply_count":0,"_bbp_topic_count_hidden":0,"_bbp_reply_count_hidden":0,"_bbp_forum_subforum_count":0,"footnotes":""},"categories":[1,4],"tags":[291,313,909,953],"class_list":["post-6465","post","type-post","status-publish","format-standard","has-post-thumbnail","hentry","category-general","category-portada","tag-6e","tag-comiat","tag-covid","tag-pandemia"],"post_mailing_queue_ids":[],"_links":{"self":[{"href":"https:\/\/agora.xtec.cat\/ceip-ignasiiglesias-cornella\/wp-json\/wp\/v2\/posts\/6465","targetHints":{"allow":["GET"]}}],"collection":[{"href":"https:\/\/agora.xtec.cat\/ceip-ignasiiglesias-cornella\/wp-json\/wp\/v2\/posts"}],"about":[{"href":"https:\/\/agora.xtec.cat\/ceip-ignasiiglesias-cornella\/wp-json\/wp\/v2\/types\/post"}],"author":[{"embeddable":true,"href":"https:\/\/agora.xtec.cat\/ceip-ignasiiglesias-cornella\/wp-json\/wp\/v2\/users\/4"}],"replies":[{"embeddable":true,"href":"https:\/\/agora.xtec.cat\/ceip-ignasiiglesias-cornella\/wp-json\/wp\/v2\/comments?post=6465"}],"version-history":[{"count":3,"href":"https:\/\/agora.xtec.cat\/ceip-ignasiiglesias-cornella\/wp-json\/wp\/v2\/posts\/6465\/revisions"}],"predecessor-version":[{"id":6477,"href":"https:\/\/agora.xtec.cat\/ceip-ignasiiglesias-cornella\/wp-json\/wp\/v2\/posts\/6465\/revisions\/6477"}],"wp:featuredmedia":[{"embeddable":true,"href":"https:\/\/agora.xtec.cat\/ceip-ignasiiglesias-cornella\/wp-json\/wp\/v2\/media\/6468"}],"wp:attachment":[{"href":"https:\/\/agora.xtec.cat\/ceip-ignasiiglesias-cornella\/wp-json\/wp\/v2\/media?parent=6465"}],"wp:term":[{"taxonomy":"category","embeddable":true,"href":"https:\/\/agora.xtec.cat\/ceip-ignasiiglesias-cornella\/wp-json\/wp\/v2\/categories?post=6465"},{"taxonomy":"post_tag","embeddable":true,"href":"https:\/\/agora.xtec.cat\/ceip-ignasiiglesias-cornella\/wp-json\/wp\/v2\/tags?post=6465"}],"curies":[{"name":"wp","href":"https:\/\/api.w.org\/{rel}","templated":true}]}}