{"id":6453,"date":"2022-07-05T10:31:28","date_gmt":"2022-07-05T08:31:28","guid":{"rendered":"https:\/\/agora.xtec.cat\/ceip-ignasiiglesias-cornella\/?p=6453"},"modified":"2022-07-05T13:25:46","modified_gmt":"2022-07-05T11:25:46","slug":"graduacio-de-p5","status":"publish","type":"post","link":"https:\/\/agora.xtec.cat\/ceip-ignasiiglesias-cornella\/general\/graduacio-de-p5\/","title":{"rendered":"GRADUACI\u00d3 DE P5"},"content":{"rendered":"<p>Aquest curs, en el qual hem anat recuperant la normalitat de mica en mica, hem tornat a celebrar la graduaci\u00f3 de P5, festa en la qual celebrem que els infants d&#8217;aquest curs acaben l&#8217;Educaci\u00f3 Infantil i inicien una nova etapa a Educaci\u00f3 Prim\u00e0ria. Per a celebrar-ho, els nens i nenes van preparar una coreografia amb la m\u00fasica <a href=\"https:\/\/youtu.be\/UhQ9Y7HHbak\">Letkiss d&#8217; Hugo Strassers<\/a>.<\/p>\n<p>Per veure fotos i v\u00eddeos de la celebraci\u00f3 podeu accedir a la <a href=\"https:\/\/agora.xtec.cat\/ceip-ignasiiglesias-cornella\/educacio-infantil-2021-2022\/\">galeria d&#8217; imatges d&#8217;Educaci\u00f3 Infantil<\/a>.<\/p>\n<p>&nbsp;<\/p>\n<p>&nbsp;<\/p>\n<p>&nbsp;<\/p>\n","protected":false},"excerpt":{"rendered":"<p>Aquest curs, en el qual hem anat recuperant la normalitat de mica en mica, hem tornat a celebrar la graduaci\u00f3 de P5, festa en la qual celebrem que els infants d&#8217;aquest curs acaben l&#8217;Educaci\u00f3 Infantil i inicien una nova etapa a Educaci\u00f3 Prim\u00e0ria. Per a&hellip;  <a href=\"https:\/\/agora.xtec.cat\/ceip-ignasiiglesias-cornella\/general\/graduacio-de-p5\/\" title=\"Read GRADUACI\u00d3 DE P5\">Llegeix m\u00e9s\u00bb<\/a><\/p>\n","protected":false},"author":4,"featured_media":6458,"comment_status":"open","ping_status":"closed","sticky":false,"template":"","format":"standard","meta":{"_bbp_topic_count":0,"_bbp_reply_count":0,"_bbp_total_topic_count":0,"_bbp_total_reply_count":0,"_bbp_voice_count":0,"_bbp_anonymous_reply_count":0,"_bbp_topic_count_hidden":0,"_bbp_reply_count_hidden":0,"_bbp_forum_subforum_count":0,"footnotes":""},"categories":[1,9,4],"tags":[646,86],"class_list":["post-6453","post","type-post","status-publish","format-standard","has-post-thumbnail","hentry","category-general","category-p5","category-portada","tag-graduacio","tag-p5"],"post_mailing_queue_ids":[],"_links":{"self":[{"href":"https:\/\/agora.xtec.cat\/ceip-ignasiiglesias-cornella\/wp-json\/wp\/v2\/posts\/6453","targetHints":{"allow":["GET"]}}],"collection":[{"href":"https:\/\/agora.xtec.cat\/ceip-ignasiiglesias-cornella\/wp-json\/wp\/v2\/posts"}],"about":[{"href":"https:\/\/agora.xtec.cat\/ceip-ignasiiglesias-cornella\/wp-json\/wp\/v2\/types\/post"}],"author":[{"embeddable":true,"href":"https:\/\/agora.xtec.cat\/ceip-ignasiiglesias-cornella\/wp-json\/wp\/v2\/users\/4"}],"replies":[{"embeddable":true,"href":"https:\/\/agora.xtec.cat\/ceip-ignasiiglesias-cornella\/wp-json\/wp\/v2\/comments?post=6453"}],"version-history":[{"count":3,"href":"https:\/\/agora.xtec.cat\/ceip-ignasiiglesias-cornella\/wp-json\/wp\/v2\/posts\/6453\/revisions"}],"predecessor-version":[{"id":6457,"href":"https:\/\/agora.xtec.cat\/ceip-ignasiiglesias-cornella\/wp-json\/wp\/v2\/posts\/6453\/revisions\/6457"}],"wp:featuredmedia":[{"embeddable":true,"href":"https:\/\/agora.xtec.cat\/ceip-ignasiiglesias-cornella\/wp-json\/wp\/v2\/media\/6458"}],"wp:attachment":[{"href":"https:\/\/agora.xtec.cat\/ceip-ignasiiglesias-cornella\/wp-json\/wp\/v2\/media?parent=6453"}],"wp:term":[{"taxonomy":"category","embeddable":true,"href":"https:\/\/agora.xtec.cat\/ceip-ignasiiglesias-cornella\/wp-json\/wp\/v2\/categories?post=6453"},{"taxonomy":"post_tag","embeddable":true,"href":"https:\/\/agora.xtec.cat\/ceip-ignasiiglesias-cornella\/wp-json\/wp\/v2\/tags?post=6453"}],"curies":[{"name":"wp","href":"https:\/\/api.w.org\/{rel}","templated":true}]}}