{"id":6411,"date":"2023-06-20T13:29:06","date_gmt":"2023-06-20T11:29:06","guid":{"rendered":"https:\/\/agora.xtec.cat\/ceip-ignasiiglesias-cornella\/?p=6411"},"modified":"2023-06-20T13:59:24","modified_gmt":"2023-06-20T11:59:24","slug":"6e-deures-destiu-2","status":"publish","type":"post","link":"https:\/\/agora.xtec.cat\/ceip-ignasiiglesias-cornella\/portada\/6e-deures-destiu-2\/","title":{"rendered":"6\u00e8. DEURES D&#8217;ESTIU"},"content":{"rendered":"<p>Aquestes s\u00f3n les recomanacions d&#8217;estiu per als infants de 6\u00e8. Les activitats han estat pensades i dissenyades per representants de totes les escoles i instituts de Cornell\u00e0.<\/p>\n<p>El q\u00fcestionari de presentaci\u00f3 que trobareu en format word, \u00e9s obligatori per a tothom. L&#8217;haureu de dur a l&#8217; Institut quan aix\u00ed us ho indiquin.<\/p>\n<p>A m\u00e9s, trobareu tasques de castell\u00e0, catal\u00e0, angl\u00e8s i matem\u00e0tiques per si voleu treballar una mica aquestes vacances (cliqueu la imatge).<\/p>\n<p><a href=\"https:\/\/drive.google.com\/drive\/folders\/1OevI3uLFEIxrxXzvrrKBuPJWPmNmaisY?usp=sharing\" target=\"_blank\" rel=\"noopener\"><img loading=\"lazy\" decoding=\"async\" class=\"aligncenter wp-image-6413 size-medium\" src=\"https:\/\/agora.xtec.cat\/ceip-ignasiiglesias-cornella\/wp-content\/uploads\/usu1592\/2022\/06\/sand-sea-beach-summer-star-hd-wallpaper-preview-300x200.jpg\" alt=\"\" width=\"300\" height=\"200\" srcset=\"https:\/\/agora.xtec.cat\/ceip-ignasiiglesias-cornella\/wp-content\/uploads\/usu1592\/2022\/06\/sand-sea-beach-summer-star-hd-wallpaper-preview-300x200.jpg 300w, https:\/\/agora.xtec.cat\/ceip-ignasiiglesias-cornella\/wp-content\/uploads\/usu1592\/2022\/06\/sand-sea-beach-summer-star-hd-wallpaper-preview.jpg 728w\" sizes=\"auto, (max-width: 300px) 100vw, 300px\" \/><\/a><\/p>\n<p style=\"text-align: center;\">BON ESTIU!<\/p>\n","protected":false},"excerpt":{"rendered":"<p>Aquestes s\u00f3n les recomanacions d&#8217;estiu per als infants de 6\u00e8. Les activitats han estat pensades i dissenyades per representants de totes les escoles i instituts de Cornell\u00e0.<br \/>\nEl q\u00fcestionari de presentaci\u00f3 que trobareu en format word, \u00e9s obligatori per a tothom. L&#8217;haureu de dur a l&#8217;&hellip;  <a href=\"https:\/\/agora.xtec.cat\/ceip-ignasiiglesias-cornella\/portada\/6e-deures-destiu-2\/\" title=\"Read 6\u00e8. DEURES D&#8217;ESTIU\">Llegeix m\u00e9s\u00bb<\/a><\/p>\n","protected":false},"author":4,"featured_media":6413,"comment_status":"open","ping_status":"closed","sticky":false,"template":"","format":"standard","meta":{"_bbp_topic_count":0,"_bbp_reply_count":0,"_bbp_total_topic_count":0,"_bbp_total_reply_count":0,"_bbp_voice_count":0,"_bbp_anonymous_reply_count":0,"_bbp_topic_count_hidden":0,"_bbp_reply_count_hidden":0,"_bbp_forum_subforum_count":0,"footnotes":""},"categories":[14,4],"tags":[291,437,943],"class_list":["post-6411","post","type-post","status-publish","format-standard","has-post-thumbnail","hentry","category-cicle-superior","category-portada","tag-6e","tag-deures","tag-tasques"],"post_mailing_queue_ids":[],"_links":{"self":[{"href":"https:\/\/agora.xtec.cat\/ceip-ignasiiglesias-cornella\/wp-json\/wp\/v2\/posts\/6411","targetHints":{"allow":["GET"]}}],"collection":[{"href":"https:\/\/agora.xtec.cat\/ceip-ignasiiglesias-cornella\/wp-json\/wp\/v2\/posts"}],"about":[{"href":"https:\/\/agora.xtec.cat\/ceip-ignasiiglesias-cornella\/wp-json\/wp\/v2\/types\/post"}],"author":[{"embeddable":true,"href":"https:\/\/agora.xtec.cat\/ceip-ignasiiglesias-cornella\/wp-json\/wp\/v2\/users\/4"}],"replies":[{"embeddable":true,"href":"https:\/\/agora.xtec.cat\/ceip-ignasiiglesias-cornella\/wp-json\/wp\/v2\/comments?post=6411"}],"version-history":[{"count":2,"href":"https:\/\/agora.xtec.cat\/ceip-ignasiiglesias-cornella\/wp-json\/wp\/v2\/posts\/6411\/revisions"}],"predecessor-version":[{"id":6414,"href":"https:\/\/agora.xtec.cat\/ceip-ignasiiglesias-cornella\/wp-json\/wp\/v2\/posts\/6411\/revisions\/6414"}],"wp:featuredmedia":[{"embeddable":true,"href":"https:\/\/agora.xtec.cat\/ceip-ignasiiglesias-cornella\/wp-json\/wp\/v2\/media\/6413"}],"wp:attachment":[{"href":"https:\/\/agora.xtec.cat\/ceip-ignasiiglesias-cornella\/wp-json\/wp\/v2\/media?parent=6411"}],"wp:term":[{"taxonomy":"category","embeddable":true,"href":"https:\/\/agora.xtec.cat\/ceip-ignasiiglesias-cornella\/wp-json\/wp\/v2\/categories?post=6411"},{"taxonomy":"post_tag","embeddable":true,"href":"https:\/\/agora.xtec.cat\/ceip-ignasiiglesias-cornella\/wp-json\/wp\/v2\/tags?post=6411"}],"curies":[{"name":"wp","href":"https:\/\/api.w.org\/{rel}","templated":true}]}}