{"id":6362,"date":"2022-05-05T07:32:48","date_gmt":"2022-05-05T05:32:48","guid":{"rendered":"https:\/\/agora.xtec.cat\/ceip-ignasiiglesias-cornella\/?p=6362"},"modified":"2022-05-05T07:32:48","modified_gmt":"2022-05-05T05:32:48","slug":"1r-va-a-la-predrera","status":"publish","type":"post","link":"https:\/\/agora.xtec.cat\/ceip-ignasiiglesias-cornella\/general\/1r-va-a-la-predrera\/","title":{"rendered":"1r va a LA PREDRERA"},"content":{"rendered":"<p>Els nens i nenes de les classes de 1r hem anat a la Pedrera. All\u00e0 hem apr\u00e8s moltes coses de l&#8217;arquitecte Antoni Gaud\u00ed i hem fet el taller de La forja m\u00e0gica: hem fet d&#8217;artistes!!!!<br \/>\nDespr\u00e8s hem dinat a Can Mercader, on ens ho hem passat molt b\u00e9.<\/p>\n<p>Podeu clicar la imatge i gaudir de les fotografies<\/p>\n<p><a href=\"https:\/\/agora.xtec.cat\/ceip-ignasiiglesias-cornella\/galeria-de-fotos-curs-2021-2022\/\"><img loading=\"lazy\" decoding=\"async\" class=\"wp-image-6367 aligncenter\" src=\"https:\/\/agora.xtec.cat\/ceip-ignasiiglesias-cornella\/wp-content\/uploads\/usu1592\/2022\/05\/la-pedrera-1.jpg\" alt=\"\" width=\"727\" height=\"500\" srcset=\"https:\/\/agora.xtec.cat\/ceip-ignasiiglesias-cornella\/wp-content\/uploads\/usu1592\/2022\/05\/la-pedrera-1.jpg 900w, https:\/\/agora.xtec.cat\/ceip-ignasiiglesias-cornella\/wp-content\/uploads\/usu1592\/2022\/05\/la-pedrera-1-300x207.jpg 300w, https:\/\/agora.xtec.cat\/ceip-ignasiiglesias-cornella\/wp-content\/uploads\/usu1592\/2022\/05\/la-pedrera-1-768x529.jpg 768w\" sizes=\"auto, (max-width: 727px) 100vw, 727px\" \/><\/a><\/p>\n","protected":false},"excerpt":{"rendered":"<p>Els nens i nenes de les classes de 1r hem anat a la Pedrera. All\u00e0 hem apr\u00e8s moltes coses de l&#8217;arquitecte Antoni Gaud\u00ed i hem fet el taller de La forja m\u00e0gica: hem fet d&#8217;artistes!!!!<br \/>\nDespr\u00e8s hem dinat a Can Mercader, on ens ho hem passat&hellip;  <a href=\"https:\/\/agora.xtec.cat\/ceip-ignasiiglesias-cornella\/general\/1r-va-a-la-predrera\/\" title=\"Read 1r va a LA PREDRERA\">Llegeix m\u00e9s\u00bb<\/a><\/p>\n","protected":false},"author":4,"featured_media":6367,"comment_status":"closed","ping_status":"closed","sticky":false,"template":"","format":"standard","meta":{"_bbp_topic_count":0,"_bbp_reply_count":0,"_bbp_total_topic_count":0,"_bbp_total_reply_count":0,"_bbp_voice_count":0,"_bbp_anonymous_reply_count":0,"_bbp_topic_count_hidden":0,"_bbp_reply_count_hidden":0,"_bbp_forum_subforum_count":0,"footnotes":""},"categories":[898,10,1],"tags":[116,708,141],"class_list":["post-6362","post","type-post","status-publish","format-standard","has-post-thumbnail","hentry","category-1r","category-cicle-inicial","category-general","tag-1r","tag-la-pedrera","tag-sortida"],"post_mailing_queue_ids":[],"_links":{"self":[{"href":"https:\/\/agora.xtec.cat\/ceip-ignasiiglesias-cornella\/wp-json\/wp\/v2\/posts\/6362","targetHints":{"allow":["GET"]}}],"collection":[{"href":"https:\/\/agora.xtec.cat\/ceip-ignasiiglesias-cornella\/wp-json\/wp\/v2\/posts"}],"about":[{"href":"https:\/\/agora.xtec.cat\/ceip-ignasiiglesias-cornella\/wp-json\/wp\/v2\/types\/post"}],"author":[{"embeddable":true,"href":"https:\/\/agora.xtec.cat\/ceip-ignasiiglesias-cornella\/wp-json\/wp\/v2\/users\/4"}],"replies":[{"embeddable":true,"href":"https:\/\/agora.xtec.cat\/ceip-ignasiiglesias-cornella\/wp-json\/wp\/v2\/comments?post=6362"}],"version-history":[{"count":3,"href":"https:\/\/agora.xtec.cat\/ceip-ignasiiglesias-cornella\/wp-json\/wp\/v2\/posts\/6362\/revisions"}],"predecessor-version":[{"id":6372,"href":"https:\/\/agora.xtec.cat\/ceip-ignasiiglesias-cornella\/wp-json\/wp\/v2\/posts\/6362\/revisions\/6372"}],"wp:featuredmedia":[{"embeddable":true,"href":"https:\/\/agora.xtec.cat\/ceip-ignasiiglesias-cornella\/wp-json\/wp\/v2\/media\/6367"}],"wp:attachment":[{"href":"https:\/\/agora.xtec.cat\/ceip-ignasiiglesias-cornella\/wp-json\/wp\/v2\/media?parent=6362"}],"wp:term":[{"taxonomy":"category","embeddable":true,"href":"https:\/\/agora.xtec.cat\/ceip-ignasiiglesias-cornella\/wp-json\/wp\/v2\/categories?post=6362"},{"taxonomy":"post_tag","embeddable":true,"href":"https:\/\/agora.xtec.cat\/ceip-ignasiiglesias-cornella\/wp-json\/wp\/v2\/tags?post=6362"}],"curies":[{"name":"wp","href":"https:\/\/api.w.org\/{rel}","templated":true}]}}