{"id":6338,"date":"2022-05-06T10:41:23","date_gmt":"2022-05-06T08:41:23","guid":{"rendered":"https:\/\/agora.xtec.cat\/ceip-ignasiiglesias-cornella\/?p=6338"},"modified":"2022-05-09T08:17:11","modified_gmt":"2022-05-09T06:17:11","slug":"sant-jordi-2022","status":"publish","type":"post","link":"https:\/\/agora.xtec.cat\/ceip-ignasiiglesias-cornella\/general\/sant-jordi-2022\/","title":{"rendered":"SANT JORDI 2022"},"content":{"rendered":"<p>Aquest Sant Jordi ha estat molt especial i ha vingut carregat d&#8217;activitats!!<\/p>\n<p><strong>REPRESENTACI\u00d3 DE SANT JORDI P5<\/strong><\/p>\n<p>Durant els dies 19, 20 i 21 d&#8217;abril l&#8217;alumnat de P5 ha fet una meravellosa representaci\u00f3 de la Llegenda de Sant Jordi.<\/p>\n<p>Artistes de P5, ha valgut la pena l&#8217;esfor\u00e7 i el temps dedicat en preparar aquesta representaci\u00f3 que ha estat tot un \u00e8xit, FELICITATS!!<\/p>\n<p><strong>TALLERS DE SANT JORDI<\/strong><\/p>\n<p>Divendres 21 d&#8217;abril vam poder gaudir d&#8217;un mat\u00ed ple d&#8217;activitats amb l&#8217;organitzaci\u00f3 de diferents tallers al pati de l&#8217;escola.<\/p>\n<p>Ha estat molt emotiu recuperar aquesta jornada i poder gaudir un altre cop tots i totes junts al pati!!<\/p>\n<p>Volem agrair\u00a0 la col\u00b7laboraci\u00f3 de les mares de l&#8217;escola que han participat en els tallers de henna i maquillatge. Sou unes artistes!!<\/p>\n<p>PODEU VEURE LES FOTOS DELS TALLERS I EL V\u00cdDEO DE LA REPRESENTACI\u00d3 DE SANT JORDI A LES <a href=\"https:\/\/agora.xtec.cat\/ceip-ignasiiglesias-cornella\/galeria-de-fotos-curs-2021-2022\/\">GALERIES D&#8217;IMATGES<\/a><\/p>\n<p><strong><a href=\"https:\/\/photos.app.goo.gl\/AYdXUWW3sNzevXDC9\">EXPOSICI\u00d3 DE DRACS<\/a> DE LES FAM\u00cdLIES<\/strong><\/p>\n<p>Volem agrair tamb\u00e9 la participaci\u00f3 de les fam\u00edlies en aquesta activitat. Ha estat tot un \u00e8xit!<\/p>\n<p><strong>JOCS FLORALS 2022<\/strong><\/p>\n<p>L&#8217;equip de coordinaci\u00f3 de l&#8217;escola ha estat el jurat dels Premis dels Jocs Florals 2022.<\/p>\n<p>Ha estat molt dif\u00edcil triar els guanyadors i guanyadores i volem felicitar a tots els nens i nenes de l&#8217;escola pels seus treballs.<\/p>\n<p>Despr\u00e9s de molt deliberar, la classificaci\u00f3 ha quedat de la seg\u00fcent manera:<\/p>\n<p>(PER VEURE LES PRODUCCIONS DELS CLASSIFICATS CLIQUEU EL T\u00cdTOL)<\/p>\n<p><b>CI<\/b><span style=\"font-weight: 400;\"> categoria <\/span><i><span style=\"font-weight: 400;\">Dibuix amb text en <\/span><\/i><b><i>llengua catalana<\/i><\/b><\/p>\n<p><b>1r classificat<\/b><b>:\u00a0<\/b><\/p>\n<p><b>\u00a0\u00a0\u00a0\u00a0\u00a0\u00a0Pseud\u00f2nim- <\/b><span style=\"font-weight: 400;\">Superman<\/span><\/p>\n<p><b>\u00a0 \u00a0 <a href=\"https:\/\/drive.google.com\/file\/d\/1ZmTVVOmAxMhi9oMtWpqjHpT9JjsvqPIM\/view?usp=sharing\">\u00a0 T\u00edtol- <\/a><\/b><span style=\"font-weight: 400;\">Sant Jordi i el Drac vegetari\u00e0<\/span><\/p>\n<p><b>2n classificat<\/b><b>:\u00a0<\/b><\/p>\n<p><b>\u00a0\u00a0\u00a0\u00a0\u00a0\u00a0Pseud\u00f2nim- <\/b><span style=\"font-weight: 400;\">Lila\u00a0<\/span><\/p>\n<p><b>\u00a0\u00a0\u00a0\u00a0\u00a0<a href=\"https:\/\/drive.google.com\/file\/d\/1ZkCcCFSVui0D_8_KpAtjNFI788Nw42pJ\/view?usp=sharing\">\u00a0T\u00edtol- <\/a><\/b><span style=\"font-weight: 400;\">no t\u00e9<\/span><\/p>\n<p><b>3r classificat<\/b><b>:\u00a0<\/b><\/p>\n<p><b>\u00a0\u00a0\u00a0\u00a0\u00a0\u00a0Pseud\u00f2nim- <\/b><span style=\"font-weight: 400;\">Elena\u00a0<\/span><\/p>\n<p><b>\u00a0\u00a0\u00a0\u00a0<a href=\"https:\/\/drive.google.com\/file\/d\/1ZawhbaYHKUVgZZ3Qvt0i1aghYgHCMEvq\/view?usp=sharing\">\u00a0\u00a0T\u00edtol- <\/a><\/b><span style=\"font-weight: 400;\">La llegenda de Sant Jordi\u00a0<\/span><\/p>\n<p><b>\u00a0 \u00a0<\/b><\/p>\n<p><b>CM<\/b><span style=\"font-weight: 400;\">\u00a0<\/span><span style=\"font-weight: 400;\">Categoria <\/span><i><span style=\"font-weight: 400;\">Cal\u00b7ligrama<\/span><\/i><\/p>\n<p><b>1r classificat<\/b><b>:\u00a0<\/b><\/p>\n<p><b>\u00a0\u00a0\u00a0\u00a0\u00a0\u00a0Pseud\u00f2nim- <\/b><span style=\"font-weight: 400;\">Becky G.<\/span><\/p>\n<p><b>\u00a0\u00a0\u00a0\u00a0<a href=\"https:\/\/drive.google.com\/file\/d\/1ZSEGSB5OgdQvSA576n9ot_iiVDvphaTm\/view?usp=sharing\">\u00a0\u00a0T\u00edtol- <\/a><\/b><span style=\"font-weight: 400;\">Crispetes salades<\/span><\/p>\n<p><b>2n classificat<\/b><b>:\u00a0<\/b><\/p>\n<p><b>\u00a0\u00a0\u00a0\u00a0\u00a0\u00a0Pseud\u00f2nim- <\/b><span style=\"font-weight: 400;\">Estuche<\/span><\/p>\n<p><b>\u00a0\u00a0\u00a0\u00a0<a href=\"https:\/\/drive.google.com\/file\/d\/1ZN6age0Y2EpWKHyfAhZDVRtRmpGxOm6Z\/view?usp=sharing\">\u00a0\u00a0T\u00edtol- <\/a><\/b><span style=\"font-weight: 400;\">El diamant<\/span><\/p>\n<p><b>3r classificat<\/b><b>:\u00a0<\/b><\/p>\n<p><b>\u00a0\u00a0\u00a0\u00a0\u00a0\u00a0Pseud\u00f2nim- <\/b><span style=\"font-weight: 400;\">Luc\u00eda\u00a0\u00a0<\/span><\/p>\n<p><b>\u00a0\u00a0\u00a0\u00a0\u00a0<a href=\"https:\/\/drive.google.com\/file\/d\/1ZJLiz_HOitqq7-0C-_RzpRkX27EFGuj6\/view?usp=sharing\">\u00a0T\u00edtol- <\/a><\/b><span style=\"font-weight: 400;\">Els planetes<\/span><\/p>\n<p><span style=\"font-weight: 400;\">Categoria <\/span><i><span style=\"font-weight: 400;\">Endevinalles<\/span><\/i><\/p>\n<p><b>1r classificat<\/b><b>:\u00a0<\/b><\/p>\n<p><b>\u00a0\u00a0\u00a0\u00a0\u00a0\u00a0Pseud\u00f2nim- <\/b><span style=\"font-weight: 400;\">Pikachu<\/span><\/p>\n<p><b>\u00a0\u00a0\u00a0\u00a0<a href=\"https:\/\/drive.google.com\/file\/d\/1ZIO0RJMs1htl2JWwhJ63bl-H7WjnLRG9\/view?usp=sharing\">\u00a0\u00a0T\u00edtol- <\/a><\/b><span style=\"font-weight: 400;\">Las cuchillas misteriosas<\/span><\/p>\n<p><b>2n classificat<\/b><b>:\u00a0<\/b><\/p>\n<p><b>\u00a0\u00a0\u00a0\u00a0\u00a0\u00a0Pseud\u00f2nim- <\/b><span style=\"font-weight: 400;\">Camila<\/span><\/p>\n<p><b>\u00a0\u00a0\u00a0\u00a0<a href=\"https:\/\/drive.google.com\/file\/d\/1ZEfLkIueow8HQJFFtAHOonU1bDwmZWPk\/view?usp=sharing\">\u00a0\u00a0T\u00edtol- <\/a><\/b><span style=\"font-weight: 400;\">Reloj<\/span><\/p>\n<p><b>3r classificat<\/b><b>:\u00a0<\/b><\/p>\n<p><b>\u00a0\u00a0\u00a0\u00a0\u00a0\u00a0Pseud\u00f2nim- <\/b><span style=\"font-weight: 400;\">Trollino\u00a0\u00a0<\/span><\/p>\n<p><b>\u00a0\u00a0\u00a0\u00a0<a href=\"https:\/\/drive.google.com\/file\/d\/1_4OFSj3V58F9TCRNILpx_0vTM1tLW2fk\/view?usp=sharing\">\u00a0\u00a0T\u00edtol- <\/a><\/b><span style=\"font-weight: 400;\">Mi mineral preferido<\/span><b>\u00a0<\/b><\/p>\n<p><span style=\"font-weight: 400;\">Categoria <\/span><i><span style=\"font-weight: 400;\">Prosa<\/span><\/i><\/p>\n<p><b>1r classificat<\/b><b>:\u00a0<\/b><\/p>\n<p><b>\u00a0\u00a0\u00a0\u00a0\u00a0\u00a0Pseud\u00f2nim- <\/b><span style=\"font-weight: 400;\">Carmen SanDiego<\/span><\/p>\n<p><b>\u00a0\u00a0\u00a0\u00a0\u00a0<a href=\"https:\/\/drive.google.com\/file\/d\/1_21KaBWWoKYn43g929RwSOfkXEtkzApl\/view?usp=sharing\">\u00a0T\u00edtol- <\/a><\/b><span style=\"font-weight: 400;\">La nena que volia ser exploradora<\/span><\/p>\n<p><b>2n classificat<\/b><b>:\u00a0<\/b><\/p>\n<p><b>\u00a0\u00a0\u00a0\u00a0\u00a0\u00a0Pseud\u00f2nim- <\/b><span style=\"font-weight: 400;\">Greta\u00a0<\/span><\/p>\n<p><b>\u00a0\u00a0\u00a0\u00a0\u00a0\u00a0<a href=\"https:\/\/drive.google.com\/file\/d\/1ZvfSp_F7g_U6OyiVtPYxKhPsT4cGtLQK\/view?usp=sharing\">T\u00edtol- <\/a><\/b><span style=\"font-weight: 400;\">La vida dels Aliens\u00a0<\/span><\/p>\n<p><b>3r classificat<\/b><b>:\u00a0<\/b><\/p>\n<p><b>\u00a0\u00a0\u00a0\u00a0\u00a0\u00a0Pseud\u00f2nim- <\/b><span style=\"font-weight: 400;\">Juana\u00a0<\/span><\/p>\n<p><b>\u00a0\u00a0\u00a0\u00a0<a href=\"https:\/\/drive.google.com\/file\/d\/1ZrqwrznqExZ7zhDEFCHg9Xuqjx4Hj8eZ\/view?usp=sharing\">\u00a0\u00a0T\u00edtol- <\/a><\/b><span style=\"font-weight: 400;\">Alien\u00edgenes<\/span><\/p>\n<p>&nbsp;<\/p>\n<p><b>CS <\/b><span style=\"font-weight: 400;\">Categoria <\/span><i><span style=\"font-weight: 400;\">Poema<\/span><\/i><\/p>\n<p><b>1r classificat<\/b><b>:\u00a0<\/b><\/p>\n<p><b>\u00a0\u00a0\u00a0\u00a0\u00a0\u00a0Pseud\u00f2nim- <\/b><span style=\"font-weight: 400;\">25<\/span><\/p>\n<p><b>\u00a0\u00a0<a href=\"https:\/\/drive.google.com\/file\/d\/1Zra_XCZLj2GpqZZwThtPxgZciJnxtnov\/view?usp=sharing\">\u00a0\u00a0\u00a0\u00a0T\u00edtol- <\/a><\/b><span style=\"font-weight: 400;\">Ucra\u00efna<\/span><\/p>\n<p><b>2n classificat<\/b><b>:\u00a0<\/b><\/p>\n<p><b>\u00a0\u00a0\u00a0\u00a0\u00a0\u00a0Pseud\u00f2nim- <\/b><span style=\"font-weight: 400;\">Primavera\u00a0<\/span><\/p>\n<p><b>\u00a0\u00a0\u00a0\u00a0<a href=\"https:\/\/drive.google.com\/file\/d\/1Zpjt0iWOTji0R8gnrZ9FpbpBl_7tXcCu\/view?usp=sharing\">\u00a0\u00a0T\u00edtol- <\/a><\/b><span style=\"font-weight: 400;\">Princesa<\/span><\/p>\n<p><b>3r classificat<\/b><b>:\u00a0<\/b><\/p>\n<p><b>\u00a0\u00a0\u00a0\u00a0\u00a0\u00a0Pseud\u00f2nim- <\/b><span style=\"font-weight: 400;\">Eren alert<\/span><b>\u00a0\u00a0\u00a0<\/b><\/p>\n<p><b>\u00a0\u00a0\u00a0\u00a0\u00a0<a href=\"https:\/\/drive.google.com\/file\/d\/1ZpMMgOKOj19Uzj5FfT58JYL-ju5iD544\/view?usp=sharing\">\u00a0T\u00edtol- <\/a><\/b><span style=\"font-weight: 400;\">Poema amb lema<\/span><b>\u00a0<\/b><\/p>\n<p><span style=\"font-weight: 400;\">Categoria <\/span><i><span style=\"font-weight: 400;\">Prosa<\/span><\/i><\/p>\n<p><b>1r classificat<\/b><b>:\u00a0<\/b><\/p>\n<p><b>\u00a0\u00a0\u00a0\u00a0\u00a0\u00a0Pseud\u00f2nim- <\/b><span style=\"font-weight: 400;\">Aura<\/span><\/p>\n<p><b>\u00a0\u00a0\u00a0\u00a0\u00a0<a href=\"https:\/\/drive.google.com\/file\/d\/1ZnfltFxw8Bm0f8yc5bm9BObHDeWZJ8s5\/view?usp=sharing\">\u00a0T\u00edtol- <\/a><\/b><span style=\"font-weight: 400;\">No tinc sentiments<\/span><\/p>\n<p><b>2n classificat<\/b><b>:\u00a0<\/b><\/p>\n<p><b>\u00a0\u00a0\u00a0\u00a0\u00a0\u00a0Pseud\u00f2nim- <\/b><span style=\"font-weight: 400;\">Nike 1021<\/span><\/p>\n<p><b>\u00a0\u00a0\u00a0\u00a0<a href=\"https:\/\/drive.google.com\/file\/d\/1ZlAN-k5tqTSS-XT7yciuD1xehwxWFUHM\/view?usp=sharing\">\u00a0\u00a0T\u00edtol- <\/a><\/b><span style=\"font-weight: 400;\">El dia de la invasi\u00f3n Alien\u00edgena<\/span><\/p>\n<p><b>3r classificat<\/b><b>:\u00a0<\/b><\/p>\n<p><b>\u00a0\u00a0\u00a0\u00a0\u00a0\u00a0Pseud\u00f2nim- <\/b><span style=\"font-weight: 400;\">Johansson\u00a0<\/span><\/p>\n<p><b>\u00a0\u00a0\u00a0\u00a0<a href=\"https:\/\/drive.google.com\/file\/d\/1Zgyc8bXKk4Mxr11ScBKZzN6F3iqAGA6y\/view?usp=sharing\">\u00a0\u00a0T\u00edtol- <\/a><\/b><span style=\"font-weight: 400;\">El monstre i els seus amics<\/span><b>\u00a0<\/b><\/p>\n<p><span style=\"font-weight: 400;\">Categoria <\/span><i><span style=\"font-weight: 400;\">C\u00f2mic<\/span><\/i><\/p>\n<p><b>1r classificat<\/b><b>:\u00a0<\/b><\/p>\n<p><b>\u00a0\u00a0\u00a0\u00a0\u00a0\u00a0Pseud\u00f2nim- <\/b><span style=\"font-weight: 400;\">Soy Freddy\u00a0<\/span><\/p>\n<p><b>\u00a0\u00a0\u00a0\u00a0\u00a0\u00a0<a href=\"https:\/\/drive.google.com\/file\/d\/1ZRWSS6oSgLUW8KbZKUvF6tn_vK6oDqR5\/view?usp=sharing\">T\u00edtol- <\/a><\/b><span style=\"font-weight: 400;\">El ajedrez<\/span><\/p>\n<p><b>2n classificat<\/b><b>:\u00a0<\/b><\/p>\n<p><b>\u00a0\u00a0\u00a0\u00a0\u00a0\u00a0Pseud\u00f2nim- <\/b><span style=\"font-weight: 400;\">El Embuclado<\/span><b>\u00a0<\/b><\/p>\n<p><b>\u00a0\u00a0\u00a0\u00a0\u00a0<a href=\"https:\/\/drive.google.com\/file\/d\/1ZKjhtrMLf6LHcWd2HsBAdye64hYOVug1\/view?usp=sharing\">\u00a0T\u00edtol- <\/a><\/b><span style=\"font-weight: 400;\">La llegenda de Sant Jordi<\/span><b>\u00a0<\/b><\/p>\n<p><b>3r classificat<\/b><b>:\u00a0<\/b><\/p>\n<p><b>\u00a0\u00a0\u00a0\u00a0\u00a0\u00a0Pseud\u00f2nim- <\/b><span style=\"font-weight: 400;\">Jade<\/span><\/p>\n<p><b>\u00a0\u00a0\u00a0\u00a0<a href=\"https:\/\/drive.google.com\/file\/d\/1ZKA4UXqr7ri1aM8koUXAcItRZly31XN4\/view?usp=sharing\">\u00a0\u00a0T\u00edtol- <\/a><\/b><span style=\"font-weight: 400;\">El secuestro de Laia y Natalia<\/span><\/p>\n<p>&nbsp;<\/p>\n<p>&nbsp;<\/p>\n<p>&nbsp;<\/p>\n<p>&nbsp;<\/p>\n<p>&nbsp;<\/p>\n","protected":false},"excerpt":{"rendered":"<p>Aquest Sant Jordi ha estat molt especial i ha vingut carregat d&#8217;activitats!!<br \/>\nREPRESENTACI\u00d3 DE SANT JORDI P5<br \/>\nDurant els dies 19, 20 i 21 d&#8217;abril l&#8217;alumnat de P5 ha fet una meravellosa representaci\u00f3 de la Llegenda de Sant Jordi.<br \/>\nArtistes de P5, ha valgut la pena l&#8217;esfor\u00e7 i&hellip;  <a href=\"https:\/\/agora.xtec.cat\/ceip-ignasiiglesias-cornella\/general\/sant-jordi-2022\/\" title=\"Read SANT JORDI 2022\">Llegeix m\u00e9s\u00bb<\/a><\/p>\n","protected":false},"author":4,"featured_media":6374,"comment_status":"open","ping_status":"closed","sticky":false,"template":"","format":"standard","meta":{"_bbp_topic_count":0,"_bbp_reply_count":0,"_bbp_total_topic_count":0,"_bbp_total_reply_count":0,"_bbp_voice_count":0,"_bbp_anonymous_reply_count":0,"_bbp_topic_count_hidden":0,"_bbp_reply_count_hidden":0,"_bbp_forum_subforum_count":0,"footnotes":""},"categories":[10,12,14,74,1,3,8,9,4],"tags":[940,939,602,164],"class_list":["post-6338","post","type-post","status-publish","format-standard","has-post-thumbnail","hentry","category-cicle-inicial","category-cicle-mitja","category-cicle-superior","category-festes","category-general","category-p3","category-p4","category-p5","category-portada","tag-drac","tag-henna","tag-sant-jordi","tag-tallers"],"post_mailing_queue_ids":[],"_links":{"self":[{"href":"https:\/\/agora.xtec.cat\/ceip-ignasiiglesias-cornella\/wp-json\/wp\/v2\/posts\/6338","targetHints":{"allow":["GET"]}}],"collection":[{"href":"https:\/\/agora.xtec.cat\/ceip-ignasiiglesias-cornella\/wp-json\/wp\/v2\/posts"}],"about":[{"href":"https:\/\/agora.xtec.cat\/ceip-ignasiiglesias-cornella\/wp-json\/wp\/v2\/types\/post"}],"author":[{"embeddable":true,"href":"https:\/\/agora.xtec.cat\/ceip-ignasiiglesias-cornella\/wp-json\/wp\/v2\/users\/4"}],"replies":[{"embeddable":true,"href":"https:\/\/agora.xtec.cat\/ceip-ignasiiglesias-cornella\/wp-json\/wp\/v2\/comments?post=6338"}],"version-history":[{"count":4,"href":"https:\/\/agora.xtec.cat\/ceip-ignasiiglesias-cornella\/wp-json\/wp\/v2\/posts\/6338\/revisions"}],"predecessor-version":[{"id":6386,"href":"https:\/\/agora.xtec.cat\/ceip-ignasiiglesias-cornella\/wp-json\/wp\/v2\/posts\/6338\/revisions\/6386"}],"wp:featuredmedia":[{"embeddable":true,"href":"https:\/\/agora.xtec.cat\/ceip-ignasiiglesias-cornella\/wp-json\/wp\/v2\/media\/6374"}],"wp:attachment":[{"href":"https:\/\/agora.xtec.cat\/ceip-ignasiiglesias-cornella\/wp-json\/wp\/v2\/media?parent=6338"}],"wp:term":[{"taxonomy":"category","embeddable":true,"href":"https:\/\/agora.xtec.cat\/ceip-ignasiiglesias-cornella\/wp-json\/wp\/v2\/categories?post=6338"},{"taxonomy":"post_tag","embeddable":true,"href":"https:\/\/agora.xtec.cat\/ceip-ignasiiglesias-cornella\/wp-json\/wp\/v2\/tags?post=6338"}],"curies":[{"name":"wp","href":"https:\/\/api.w.org\/{rel}","templated":true}]}}