{"id":6324,"date":"2022-05-05T07:22:44","date_gmt":"2022-05-05T05:22:44","guid":{"rendered":"https:\/\/agora.xtec.cat\/ceip-ignasiiglesias-cornella\/?p=6324"},"modified":"2022-05-05T07:27:36","modified_gmt":"2022-05-05T05:27:36","slug":"marxem-de-colonies","status":"publish","type":"post","link":"https:\/\/agora.xtec.cat\/ceip-ignasiiglesias-cornella\/general\/marxem-de-colonies\/","title":{"rendered":"Marxem de col\u00f2nies!!"},"content":{"rendered":"<p style=\"text-align: justify;\">Per fi han arribat les esperades col\u00f2nies, tenim moltes ganes de gaudir i passar-ho b\u00e9!<\/p>\n<p style=\"text-align: justify;\">L&#8217;alumnat de P5, 2n i 4t c<span style=\"font-family: inherit;\"><span style=\"font-size: 1em;\">omen\u00e7a avui la seva aventura i 6\u00e8 ho far\u00e0 la <\/span><\/span>setmana<span style=\"font-family: inherit;\"><span style=\"font-size: 1em;\"> vinent.\u00a0<\/span><\/span><\/p>\n<p style=\"text-align: justify;\">Durant aquests dies anirem pujant fotos de les diferents activitats que vagin realitzant.<\/p>\n<p style=\"text-align: justify;\">Us convidem a gaudir de les fotos clicant\u00a0 a sobre del\u00a0 curs dels vostres fills i\/o filles.<\/p>\n<p>&nbsp;<\/p>\n<p><a href=\"https:\/\/agora.xtec.cat\/ceip-ignasiiglesias-cornella\/wp-content\/uploads\/usu1592\/2022\/04\/4.png\">\u00a0 \u00a0 \u00a0 \u00a0 \u00a0 \u00a0 \u00a0 <\/a><a href=\"https:\/\/agora.xtec.cat\/ceip-ignasiiglesias-cornella\/wp-content\/uploads\/usu1592\/2022\/04\/3-e1650544037864.png\">\u00a0<\/a><a href=\"https:\/\/agora.xtec.cat\/ceip-ignasiiglesias-cornella\/galeria-de-fotos-curs-2021-2022\/\"><img loading=\"lazy\" decoding=\"async\" class=\"alignnone wp-image-6332 \" src=\"https:\/\/agora.xtec.cat\/ceip-ignasiiglesias-cornella\/wp-content\/uploads\/usu1592\/2022\/04\/4-1-e1650544650834-760x1024.png\" alt=\"\" width=\"121\" height=\"163\" srcset=\"https:\/\/agora.xtec.cat\/ceip-ignasiiglesias-cornella\/wp-content\/uploads\/usu1592\/2022\/04\/4-1-e1650544650834-760x1024.png 760w, https:\/\/agora.xtec.cat\/ceip-ignasiiglesias-cornella\/wp-content\/uploads\/usu1592\/2022\/04\/4-1-e1650544650834-223x300.png 223w, https:\/\/agora.xtec.cat\/ceip-ignasiiglesias-cornella\/wp-content\/uploads\/usu1592\/2022\/04\/4-1-e1650544650834-768x1034.png 768w, https:\/\/agora.xtec.cat\/ceip-ignasiiglesias-cornella\/wp-content\/uploads\/usu1592\/2022\/04\/4-1-e1650544650834.png 1125w\" sizes=\"auto, (max-width: 121px) 100vw, 121px\" \/><\/a><a href=\"https:\/\/agora.xtec.cat\/ceip-ignasiiglesias-cornella\/wp-content\/uploads\/usu1592\/2022\/04\/3-e1650544037864.png\">\u00a0 \u00a0 \u00a0 \u00a0 \u00a0<\/a><a href=\"https:\/\/agora.xtec.cat\/ceip-ignasiiglesias-cornella\/galeria-de-fotos-curs-2021-2022\/\"><img loading=\"lazy\" decoding=\"async\" class=\"alignnone wp-image-6331 \" src=\"https:\/\/agora.xtec.cat\/ceip-ignasiiglesias-cornella\/wp-content\/uploads\/usu1592\/2022\/04\/3-1-e1650544575322-775x1024.png\" alt=\"\" width=\"123\" height=\"162\" srcset=\"https:\/\/agora.xtec.cat\/ceip-ignasiiglesias-cornella\/wp-content\/uploads\/usu1592\/2022\/04\/3-1-e1650544575322-775x1024.png 775w, https:\/\/agora.xtec.cat\/ceip-ignasiiglesias-cornella\/wp-content\/uploads\/usu1592\/2022\/04\/3-1-e1650544575322-227x300.png 227w, https:\/\/agora.xtec.cat\/ceip-ignasiiglesias-cornella\/wp-content\/uploads\/usu1592\/2022\/04\/3-1-e1650544575322-768x1015.png 768w, https:\/\/agora.xtec.cat\/ceip-ignasiiglesias-cornella\/wp-content\/uploads\/usu1592\/2022\/04\/3-1-e1650544575322.png 1135w\" sizes=\"auto, (max-width: 123px) 100vw, 123px\" \/><\/a><a href=\"https:\/\/agora.xtec.cat\/ceip-ignasiiglesias-cornella\/wp-content\/uploads\/usu1592\/2022\/04\/3-e1650544037864.png\">\u00a0 \u00a0 \u00a0 \u00a0 \u00a0<\/a><a href=\"https:\/\/agora.xtec.cat\/ceip-ignasiiglesias-cornella\/galeria-de-fotos-curs-2021-2022\/\"> <img loading=\"lazy\" decoding=\"async\" class=\"alignnone wp-image-6327 \" src=\"https:\/\/agora.xtec.cat\/ceip-ignasiiglesias-cornella\/wp-content\/uploads\/usu1592\/2022\/04\/2-e1650544220957-756x1024.png\" alt=\"\" width=\"121\" height=\"164\" srcset=\"https:\/\/agora.xtec.cat\/ceip-ignasiiglesias-cornella\/wp-content\/uploads\/usu1592\/2022\/04\/2-e1650544220957-756x1024.png 756w, https:\/\/agora.xtec.cat\/ceip-ignasiiglesias-cornella\/wp-content\/uploads\/usu1592\/2022\/04\/2-e1650544220957-222x300.png 222w, https:\/\/agora.xtec.cat\/ceip-ignasiiglesias-cornella\/wp-content\/uploads\/usu1592\/2022\/04\/2-e1650544220957-768x1040.png 768w, https:\/\/agora.xtec.cat\/ceip-ignasiiglesias-cornella\/wp-content\/uploads\/usu1592\/2022\/04\/2-e1650544220957.png 1130w\" sizes=\"auto, (max-width: 121px) 100vw, 121px\" \/>\u00a0 \u00a0 \u00a0 \u00a0 \u00a0 \u00a0 <\/a><a href=\"https:\/\/agora.xtec.cat\/ceip-ignasiiglesias-cornella\/galeria-de-fotos-curs-2021-2022\/\"><img loading=\"lazy\" decoding=\"async\" class=\"alignnone wp-image-6328 \" src=\"https:\/\/agora.xtec.cat\/ceip-ignasiiglesias-cornella\/wp-content\/uploads\/usu1592\/2022\/04\/1-1-e1650544323473-760x1024.png\" alt=\"\" width=\"121\" height=\"163\" srcset=\"https:\/\/agora.xtec.cat\/ceip-ignasiiglesias-cornella\/wp-content\/uploads\/usu1592\/2022\/04\/1-1-e1650544323473-760x1024.png 760w, https:\/\/agora.xtec.cat\/ceip-ignasiiglesias-cornella\/wp-content\/uploads\/usu1592\/2022\/04\/1-1-e1650544323473-223x300.png 223w, https:\/\/agora.xtec.cat\/ceip-ignasiiglesias-cornella\/wp-content\/uploads\/usu1592\/2022\/04\/1-1-e1650544323473-768x1035.png 768w, https:\/\/agora.xtec.cat\/ceip-ignasiiglesias-cornella\/wp-content\/uploads\/usu1592\/2022\/04\/1-1-e1650544323473.png 1135w\" sizes=\"auto, (max-width: 121px) 100vw, 121px\" \/><\/a><\/p>\n<p>&nbsp;<\/p>\n","protected":false},"excerpt":{"rendered":"<p>Per fi han arribat les esperades col\u00f2nies, tenim moltes ganes de gaudir i passar-ho b\u00e9!<br \/>\nL&#8217;alumnat de P5, 2n i 4t comen\u00e7a avui la seva aventura i 6\u00e8 ho far\u00e0 la setmana vinent.\u00a0<br \/>\nDurant aquests dies anirem pujant fotos de les diferents activitats que vagin realitzant.<br \/>\nUs convidem&hellip;  <a href=\"https:\/\/agora.xtec.cat\/ceip-ignasiiglesias-cornella\/general\/marxem-de-colonies\/\" title=\"Read Marxem de col\u00f2nies!!\">Llegeix m\u00e9s\u00bb<\/a><\/p>\n","protected":false},"author":1,"featured_media":0,"comment_status":"closed","ping_status":"closed","sticky":false,"template":"","format":"standard","meta":{"_bbp_topic_count":0,"_bbp_reply_count":0,"_bbp_total_topic_count":0,"_bbp_total_reply_count":0,"_bbp_voice_count":0,"_bbp_anonymous_reply_count":0,"_bbp_topic_count_hidden":0,"_bbp_reply_count_hidden":0,"_bbp_forum_subforum_count":0,"footnotes":""},"categories":[864,877,815,10,12,14,1,9,4],"tags":[210,124,291,410,86],"class_list":["post-6324","post","type-post","status-publish","format-standard","hentry","category-2n","category-4t","category-6e","category-cicle-inicial","category-cicle-mitja","category-cicle-superior","category-general","category-p5","category-portada","tag-2n","tag-4t","tag-6e","tag-colonies","tag-p5"],"post_mailing_queue_ids":[],"_links":{"self":[{"href":"https:\/\/agora.xtec.cat\/ceip-ignasiiglesias-cornella\/wp-json\/wp\/v2\/posts\/6324","targetHints":{"allow":["GET"]}}],"collection":[{"href":"https:\/\/agora.xtec.cat\/ceip-ignasiiglesias-cornella\/wp-json\/wp\/v2\/posts"}],"about":[{"href":"https:\/\/agora.xtec.cat\/ceip-ignasiiglesias-cornella\/wp-json\/wp\/v2\/types\/post"}],"author":[{"embeddable":true,"href":"https:\/\/agora.xtec.cat\/ceip-ignasiiglesias-cornella\/wp-json\/wp\/v2\/users\/1"}],"replies":[{"embeddable":true,"href":"https:\/\/agora.xtec.cat\/ceip-ignasiiglesias-cornella\/wp-json\/wp\/v2\/comments?post=6324"}],"version-history":[{"count":3,"href":"https:\/\/agora.xtec.cat\/ceip-ignasiiglesias-cornella\/wp-json\/wp\/v2\/posts\/6324\/revisions"}],"predecessor-version":[{"id":6359,"href":"https:\/\/agora.xtec.cat\/ceip-ignasiiglesias-cornella\/wp-json\/wp\/v2\/posts\/6324\/revisions\/6359"}],"wp:attachment":[{"href":"https:\/\/agora.xtec.cat\/ceip-ignasiiglesias-cornella\/wp-json\/wp\/v2\/media?parent=6324"}],"wp:term":[{"taxonomy":"category","embeddable":true,"href":"https:\/\/agora.xtec.cat\/ceip-ignasiiglesias-cornella\/wp-json\/wp\/v2\/categories?post=6324"},{"taxonomy":"post_tag","embeddable":true,"href":"https:\/\/agora.xtec.cat\/ceip-ignasiiglesias-cornella\/wp-json\/wp\/v2\/tags?post=6324"}],"curies":[{"name":"wp","href":"https:\/\/api.w.org\/{rel}","templated":true}]}}