{"id":6315,"date":"2022-04-18T11:05:00","date_gmt":"2022-04-18T09:05:00","guid":{"rendered":"https:\/\/agora.xtec.cat\/ceip-ignasiiglesias-cornella\/?p=6315"},"modified":"2022-04-18T11:05:00","modified_gmt":"2022-04-18T09:05:00","slug":"6e-taller-dafectivitat-i-sexualitat","status":"publish","type":"post","link":"https:\/\/agora.xtec.cat\/ceip-ignasiiglesias-cornella\/general\/6e-taller-dafectivitat-i-sexualitat\/","title":{"rendered":"6\u00e8. Taller d&#8217;afectivitat i sexualitat"},"content":{"rendered":"<div dir=\"ltr\">El divendres 25 de mar\u00e7 els alumnes de 6\u00e8 v\u00e0rem realitzar un taller d&#8217;afectivitat i sexualitat. En aquest taller ens van parlar sobre la pubertat i els canvis f\u00edsics que experimenta el nostre cos entre els 10 i els 14 anys. A m\u00e9s a m\u00e9s, ens van explicar els diferents tipus d&#8217;identitats de g\u00e8nere i els tipus de relacions afectives i sexuals.<br \/>\nDurant aquesta presentaci\u00f3 vam ser conscients que cadasc\u00fa pot ser qui vulgui i no ens hem de diferenciar pel sexe biol\u00f2gic al qual pertanyem en n\u00e9ixer.<br \/>\nFinalment, vam fer un q\u00fcestionari per valorar aquest taller, que per cert, ens va agradar molt i hi vam aprendre coses que no sab\u00edem.<\/p>\n<div class=\"yj6qo\"><\/div>\n<div class=\"adL\"><\/div>\n<\/div>\n<div dir=\"ltr\">Podeu veure fotos i v\u00eddeos accedint a la <a href=\"https:\/\/agora.xtec.cat\/ceip-ignasiiglesias-cornella\/cicle-superior-2021-2022\/\">GALERIA D&#8217; IMATGES DE CICLE SUPERIOR<\/a>.<\/div>\n","protected":false},"excerpt":{"rendered":"<p>El divendres 25 de mar\u00e7 els alumnes de 6\u00e8 v\u00e0rem realitzar un taller d&#8217;afectivitat i sexualitat. En aquest taller ens van parlar sobre la pubertat i els canvis f\u00edsics que experimenta el nostre cos entre els 10 i els 14 anys. A m\u00e9s a m\u00e9s,&hellip;  <a href=\"https:\/\/agora.xtec.cat\/ceip-ignasiiglesias-cornella\/general\/6e-taller-dafectivitat-i-sexualitat\/\" title=\"Read 6\u00e8. Taller d&#8217;afectivitat i sexualitat\">Llegeix m\u00e9s\u00bb<\/a><\/p>\n","protected":false},"author":4,"featured_media":6317,"comment_status":"open","ping_status":"closed","sticky":false,"template":"","format":"standard","meta":{"_bbp_topic_count":0,"_bbp_reply_count":0,"_bbp_total_topic_count":0,"_bbp_total_reply_count":0,"_bbp_voice_count":0,"_bbp_anonymous_reply_count":0,"_bbp_topic_count_hidden":0,"_bbp_reply_count_hidden":0,"_bbp_forum_subforum_count":0,"footnotes":""},"categories":[14,1,4],"tags":[938,937],"class_list":["post-6315","post","type-post","status-publish","format-standard","has-post-thumbnail","hentry","category-cicle-superior","category-general","category-portada","tag-afectivitat","tag-sexualitat"],"post_mailing_queue_ids":[],"_links":{"self":[{"href":"https:\/\/agora.xtec.cat\/ceip-ignasiiglesias-cornella\/wp-json\/wp\/v2\/posts\/6315","targetHints":{"allow":["GET"]}}],"collection":[{"href":"https:\/\/agora.xtec.cat\/ceip-ignasiiglesias-cornella\/wp-json\/wp\/v2\/posts"}],"about":[{"href":"https:\/\/agora.xtec.cat\/ceip-ignasiiglesias-cornella\/wp-json\/wp\/v2\/types\/post"}],"author":[{"embeddable":true,"href":"https:\/\/agora.xtec.cat\/ceip-ignasiiglesias-cornella\/wp-json\/wp\/v2\/users\/4"}],"replies":[{"embeddable":true,"href":"https:\/\/agora.xtec.cat\/ceip-ignasiiglesias-cornella\/wp-json\/wp\/v2\/comments?post=6315"}],"version-history":[{"count":2,"href":"https:\/\/agora.xtec.cat\/ceip-ignasiiglesias-cornella\/wp-json\/wp\/v2\/posts\/6315\/revisions"}],"predecessor-version":[{"id":6319,"href":"https:\/\/agora.xtec.cat\/ceip-ignasiiglesias-cornella\/wp-json\/wp\/v2\/posts\/6315\/revisions\/6319"}],"wp:featuredmedia":[{"embeddable":true,"href":"https:\/\/agora.xtec.cat\/ceip-ignasiiglesias-cornella\/wp-json\/wp\/v2\/media\/6317"}],"wp:attachment":[{"href":"https:\/\/agora.xtec.cat\/ceip-ignasiiglesias-cornella\/wp-json\/wp\/v2\/media?parent=6315"}],"wp:term":[{"taxonomy":"category","embeddable":true,"href":"https:\/\/agora.xtec.cat\/ceip-ignasiiglesias-cornella\/wp-json\/wp\/v2\/categories?post=6315"},{"taxonomy":"post_tag","embeddable":true,"href":"https:\/\/agora.xtec.cat\/ceip-ignasiiglesias-cornella\/wp-json\/wp\/v2\/tags?post=6315"}],"curies":[{"name":"wp","href":"https:\/\/api.w.org\/{rel}","templated":true}]}}