{"id":6303,"date":"2022-03-27T16:43:26","date_gmt":"2022-03-27T14:43:26","guid":{"rendered":"https:\/\/agora.xtec.cat\/ceip-ignasiiglesias-cornella\/?p=6303"},"modified":"2022-03-27T16:47:01","modified_gmt":"2022-03-27T14:47:01","slug":"2n-taller-de-percussio-2","status":"publish","type":"post","link":"https:\/\/agora.xtec.cat\/ceip-ignasiiglesias-cornella\/portada\/2n-taller-de-percussio-2\/","title":{"rendered":"2n. Taller de percussi\u00f3"},"content":{"rendered":"<p>El darrer dilluns, els infants de 2n van realitzar un taller de percussi\u00f3 a l&#8217;aula de m\u00fasica. Va venir un percussionista professional i ens va portar molts instruments que, a m\u00e9s de fer m\u00fasica, tamb\u00e9 fan molts efectes sonors diferents.<\/p>\n<p>Alguns d&#8217;aquests instruments eren: el djemb\u00e9, el caj\u00f3n, les castanyoles, la caixa, els plats, el vibraslap, un timbal de tempesta&#8230;<\/p>\n<p>Per veure les imatges visiteu la <a href=\"https:\/\/agora.xtec.cat\/ceip-ignasiiglesias-cornella\/cicle-inicial-2021-2022\/\">GALERIA D&#8217; IMATGES DE CICLE INICIAL.<\/a><\/p>\n","protected":false},"excerpt":{"rendered":"<p>El darrer dilluns, els infants de 2n van realitzar un taller de percussi\u00f3 a l&#8217;aula de m\u00fasica. Va venir un percussionista professional i ens va portar molts instruments que, a m\u00e9s de fer m\u00fasica, tamb\u00e9 fan molts efectes sonors diferents.<br \/>\nAlguns d&#8217;aquests instruments eren: el djemb\u00e9,&hellip;  <a href=\"https:\/\/agora.xtec.cat\/ceip-ignasiiglesias-cornella\/portada\/2n-taller-de-percussio-2\/\" title=\"Read 2n. Taller de percussi\u00f3\">Llegeix m\u00e9s\u00bb<\/a><\/p>\n","protected":false},"author":4,"featured_media":6301,"comment_status":"open","ping_status":"closed","sticky":false,"template":"","format":"standard","meta":{"_bbp_topic_count":0,"_bbp_reply_count":0,"_bbp_total_topic_count":0,"_bbp_total_reply_count":0,"_bbp_voice_count":0,"_bbp_anonymous_reply_count":0,"_bbp_topic_count_hidden":0,"_bbp_reply_count_hidden":0,"_bbp_forum_subforum_count":0,"footnotes":""},"categories":[10,72,4],"tags":[115,935,934],"class_list":["post-6303","post","type-post","status-publish","format-standard","has-post-thumbnail","hentry","category-cicle-inicial","category-musica","category-portada","tag-percussio","tag-plats","tag-timbals"],"post_mailing_queue_ids":[],"_links":{"self":[{"href":"https:\/\/agora.xtec.cat\/ceip-ignasiiglesias-cornella\/wp-json\/wp\/v2\/posts\/6303","targetHints":{"allow":["GET"]}}],"collection":[{"href":"https:\/\/agora.xtec.cat\/ceip-ignasiiglesias-cornella\/wp-json\/wp\/v2\/posts"}],"about":[{"href":"https:\/\/agora.xtec.cat\/ceip-ignasiiglesias-cornella\/wp-json\/wp\/v2\/types\/post"}],"author":[{"embeddable":true,"href":"https:\/\/agora.xtec.cat\/ceip-ignasiiglesias-cornella\/wp-json\/wp\/v2\/users\/4"}],"replies":[{"embeddable":true,"href":"https:\/\/agora.xtec.cat\/ceip-ignasiiglesias-cornella\/wp-json\/wp\/v2\/comments?post=6303"}],"version-history":[{"count":1,"href":"https:\/\/agora.xtec.cat\/ceip-ignasiiglesias-cornella\/wp-json\/wp\/v2\/posts\/6303\/revisions"}],"predecessor-version":[{"id":6304,"href":"https:\/\/agora.xtec.cat\/ceip-ignasiiglesias-cornella\/wp-json\/wp\/v2\/posts\/6303\/revisions\/6304"}],"wp:featuredmedia":[{"embeddable":true,"href":"https:\/\/agora.xtec.cat\/ceip-ignasiiglesias-cornella\/wp-json\/wp\/v2\/media\/6301"}],"wp:attachment":[{"href":"https:\/\/agora.xtec.cat\/ceip-ignasiiglesias-cornella\/wp-json\/wp\/v2\/media?parent=6303"}],"wp:term":[{"taxonomy":"category","embeddable":true,"href":"https:\/\/agora.xtec.cat\/ceip-ignasiiglesias-cornella\/wp-json\/wp\/v2\/categories?post=6303"},{"taxonomy":"post_tag","embeddable":true,"href":"https:\/\/agora.xtec.cat\/ceip-ignasiiglesias-cornella\/wp-json\/wp\/v2\/tags?post=6303"}],"curies":[{"name":"wp","href":"https:\/\/api.w.org\/{rel}","templated":true}]}}