{"id":6295,"date":"2022-03-24T22:47:53","date_gmt":"2022-03-24T21:47:53","guid":{"rendered":"https:\/\/agora.xtec.cat\/ceip-ignasiiglesias-cornella\/?p=6295"},"modified":"2022-03-24T22:54:09","modified_gmt":"2022-03-24T21:54:09","slug":"6e-parc-del-garraf","status":"publish","type":"post","link":"https:\/\/agora.xtec.cat\/ceip-ignasiiglesias-cornella\/portada\/6e-parc-del-garraf\/","title":{"rendered":"6\u00e8. Parc del Garraf"},"content":{"rendered":"<p>El dilluns 21 de mar\u00e7 les classes de 6\u00e8 vam anar al Parc del Garraf. Vam fer un itinerari fins arribar a l&#8217;avenc de l&#8217;Esquerr\u00e0. Al llarg d&#8217;aquest itinerari la persona encarregada de l&#8217;activitat ens va anar explicant de quin animal\u00a0 eren les diferents petjades que trob\u00e0vem pel cam\u00ed. Tamb\u00e9 ens va parlar de la vegetaci\u00f3 caracter\u00edstica del parc. Al final del recorregut vam veure un avenc molt i molt gran i profund\u00a0 i un altre m\u00e9s petit. Eren impressionants.<\/p>\n<div>Despr\u00e8s d&#8217;aquesta activitat vam dinar a la muntanya i vam jugar una estona abans de tornar cap a casa.<\/div>\n<p>&nbsp;<\/p>\n<p>Per veure fotos de la sortida accediu a la <a href=\"https:\/\/agora.xtec.cat\/ceip-ignasiiglesias-cornella\/cicle-superior-2021-2022\/\">GALERIA D&#8217; IMATGES<\/a> de cicle superior<\/p>\n<p>&nbsp;<\/p>\n<p>&nbsp;<\/p>\n<p>&nbsp;<\/p>\n","protected":false},"excerpt":{"rendered":"<p>El dilluns 21 de mar\u00e7 les classes de 6\u00e8 vam anar al Parc del Garraf. Vam fer un itinerari fins arribar a l&#8217;avenc de l&#8217;Esquerr\u00e0. Al llarg d&#8217;aquest itinerari la persona encarregada de l&#8217;activitat ens va anar explicant de quin animal\u00a0 eren les diferents petjades&hellip;  <a href=\"https:\/\/agora.xtec.cat\/ceip-ignasiiglesias-cornella\/portada\/6e-parc-del-garraf\/\" title=\"Read 6\u00e8. Parc del Garraf\">Llegeix m\u00e9s\u00bb<\/a><\/p>\n","protected":false},"author":4,"featured_media":6291,"comment_status":"open","ping_status":"closed","sticky":false,"template":"","format":"standard","meta":{"_bbp_topic_count":0,"_bbp_reply_count":0,"_bbp_total_topic_count":0,"_bbp_total_reply_count":0,"_bbp_voice_count":0,"_bbp_anonymous_reply_count":0,"_bbp_topic_count_hidden":0,"_bbp_reply_count_hidden":0,"_bbp_forum_subforum_count":0,"footnotes":""},"categories":[14,4],"tags":[869],"class_list":["post-6295","post","type-post","status-publish","format-standard","has-post-thumbnail","hentry","category-cicle-superior","category-portada","tag-garraf"],"post_mailing_queue_ids":[],"_links":{"self":[{"href":"https:\/\/agora.xtec.cat\/ceip-ignasiiglesias-cornella\/wp-json\/wp\/v2\/posts\/6295","targetHints":{"allow":["GET"]}}],"collection":[{"href":"https:\/\/agora.xtec.cat\/ceip-ignasiiglesias-cornella\/wp-json\/wp\/v2\/posts"}],"about":[{"href":"https:\/\/agora.xtec.cat\/ceip-ignasiiglesias-cornella\/wp-json\/wp\/v2\/types\/post"}],"author":[{"embeddable":true,"href":"https:\/\/agora.xtec.cat\/ceip-ignasiiglesias-cornella\/wp-json\/wp\/v2\/users\/4"}],"replies":[{"embeddable":true,"href":"https:\/\/agora.xtec.cat\/ceip-ignasiiglesias-cornella\/wp-json\/wp\/v2\/comments?post=6295"}],"version-history":[{"count":2,"href":"https:\/\/agora.xtec.cat\/ceip-ignasiiglesias-cornella\/wp-json\/wp\/v2\/posts\/6295\/revisions"}],"predecessor-version":[{"id":6297,"href":"https:\/\/agora.xtec.cat\/ceip-ignasiiglesias-cornella\/wp-json\/wp\/v2\/posts\/6295\/revisions\/6297"}],"wp:featuredmedia":[{"embeddable":true,"href":"https:\/\/agora.xtec.cat\/ceip-ignasiiglesias-cornella\/wp-json\/wp\/v2\/media\/6291"}],"wp:attachment":[{"href":"https:\/\/agora.xtec.cat\/ceip-ignasiiglesias-cornella\/wp-json\/wp\/v2\/media?parent=6295"}],"wp:term":[{"taxonomy":"category","embeddable":true,"href":"https:\/\/agora.xtec.cat\/ceip-ignasiiglesias-cornella\/wp-json\/wp\/v2\/categories?post=6295"},{"taxonomy":"post_tag","embeddable":true,"href":"https:\/\/agora.xtec.cat\/ceip-ignasiiglesias-cornella\/wp-json\/wp\/v2\/tags?post=6295"}],"curies":[{"name":"wp","href":"https:\/\/api.w.org\/{rel}","templated":true}]}}