{"id":6293,"date":"2022-03-22T14:01:19","date_gmt":"2022-03-22T13:01:19","guid":{"rendered":"https:\/\/agora.xtec.cat\/ceip-ignasiiglesias-cornella\/?p=6293"},"modified":"2022-03-22T14:01:53","modified_gmt":"2022-03-22T13:01:53","slug":"6e-esport-adaptat","status":"publish","type":"post","link":"https:\/\/agora.xtec.cat\/ceip-ignasiiglesias-cornella\/general\/6e-esport-adaptat\/","title":{"rendered":"6\u00e8. Esport adaptat"},"content":{"rendered":"<p>Esta excursi\u00f3n fue muy divertida ya que fuimos todos los compa\u00f1eros y compa\u00f1eras de clase al pabell\u00f3n de Sant Ildefonso a practicar deporte adaptado a personas con discapacidad f\u00edsica y sensorial. La actividad se dividi\u00f3 en dos partes ( la pr\u00e1ctica y la te\u00f3rica) . Nosotros empezamos por la parte pr\u00e1ctica y como dice el nombre practicamos b\u00e1squet en silla de ruedas, voleibol sentados en el suelo, hokei encima de una madera con ruedas y f\u00fatbol con los ojos tapados.<br \/>\nEn la parte te\u00f3rica nos llevaron a una sala con un proyector y nos pusieron varios v\u00eddeos en los que sal\u00edan deportistas ganando trofeos, medallas, \u2026 Despu\u00e9s los estuvimos comentando.<\/p>\n<p>Per veure les fotos i els videos accediu a la <a href=\"https:\/\/agora.xtec.cat\/ceip-ignasiiglesias-cornella\/cicle-superior-2021-2022\/\">GALERIA D&#8217;IMATGES DE CICLE SUPERIOR<\/a>.<\/p>\n","protected":false},"excerpt":{"rendered":"<p>Esta excursi\u00f3n fue muy divertida ya que fuimos todos los compa\u00f1eros y compa\u00f1eras de clase al pabell\u00f3n de Sant Ildefonso a practicar deporte adaptado a personas con discapacidad f\u00edsica y sensorial. La actividad se dividi\u00f3 en dos partes ( la pr\u00e1ctica y la te\u00f3rica) .&hellip;  <a href=\"https:\/\/agora.xtec.cat\/ceip-ignasiiglesias-cornella\/general\/6e-esport-adaptat\/\" title=\"Read 6\u00e8. Esport adaptat\">Llegeix m\u00e9s\u00bb<\/a><\/p>\n","protected":false},"author":4,"featured_media":6290,"comment_status":"open","ping_status":"closed","sticky":false,"template":"","format":"standard","meta":{"_bbp_topic_count":0,"_bbp_reply_count":0,"_bbp_total_topic_count":0,"_bbp_total_reply_count":0,"_bbp_voice_count":0,"_bbp_anonymous_reply_count":0,"_bbp_topic_count_hidden":0,"_bbp_reply_count_hidden":0,"_bbp_forum_subforum_count":0,"footnotes":""},"categories":[14,1,4],"tags":[933,931,308,932],"class_list":["post-6293","post","type-post","status-publish","format-standard","has-post-thumbnail","hentry","category-cicle-superior","category-general","category-portada","tag-adpatat","tag-cadira","tag-esport","tag-rodes"],"post_mailing_queue_ids":[],"_links":{"self":[{"href":"https:\/\/agora.xtec.cat\/ceip-ignasiiglesias-cornella\/wp-json\/wp\/v2\/posts\/6293","targetHints":{"allow":["GET"]}}],"collection":[{"href":"https:\/\/agora.xtec.cat\/ceip-ignasiiglesias-cornella\/wp-json\/wp\/v2\/posts"}],"about":[{"href":"https:\/\/agora.xtec.cat\/ceip-ignasiiglesias-cornella\/wp-json\/wp\/v2\/types\/post"}],"author":[{"embeddable":true,"href":"https:\/\/agora.xtec.cat\/ceip-ignasiiglesias-cornella\/wp-json\/wp\/v2\/users\/4"}],"replies":[{"embeddable":true,"href":"https:\/\/agora.xtec.cat\/ceip-ignasiiglesias-cornella\/wp-json\/wp\/v2\/comments?post=6293"}],"version-history":[{"count":1,"href":"https:\/\/agora.xtec.cat\/ceip-ignasiiglesias-cornella\/wp-json\/wp\/v2\/posts\/6293\/revisions"}],"predecessor-version":[{"id":6294,"href":"https:\/\/agora.xtec.cat\/ceip-ignasiiglesias-cornella\/wp-json\/wp\/v2\/posts\/6293\/revisions\/6294"}],"wp:featuredmedia":[{"embeddable":true,"href":"https:\/\/agora.xtec.cat\/ceip-ignasiiglesias-cornella\/wp-json\/wp\/v2\/media\/6290"}],"wp:attachment":[{"href":"https:\/\/agora.xtec.cat\/ceip-ignasiiglesias-cornella\/wp-json\/wp\/v2\/media?parent=6293"}],"wp:term":[{"taxonomy":"category","embeddable":true,"href":"https:\/\/agora.xtec.cat\/ceip-ignasiiglesias-cornella\/wp-json\/wp\/v2\/categories?post=6293"},{"taxonomy":"post_tag","embeddable":true,"href":"https:\/\/agora.xtec.cat\/ceip-ignasiiglesias-cornella\/wp-json\/wp\/v2\/tags?post=6293"}],"curies":[{"name":"wp","href":"https:\/\/api.w.org\/{rel}","templated":true}]}}