{"id":6274,"date":"2022-03-14T00:52:09","date_gmt":"2022-03-13T23:52:09","guid":{"rendered":"https:\/\/agora.xtec.cat\/ceip-ignasiiglesias-cornella\/?p=6274"},"modified":"2022-03-14T00:52:09","modified_gmt":"2022-03-13T23:52:09","slug":"6e-fem-miralls","status":"publish","type":"post","link":"https:\/\/agora.xtec.cat\/ceip-ignasiiglesias-cornella\/portada\/6e-fem-miralls\/","title":{"rendered":"6\u00e8. Fem miralls"},"content":{"rendered":"<p><span style=\"font-weight: 400;\">Hola, som els alumnes de sis\u00e8 i ara us explicarem el proc\u00e9s de la realitzaci\u00f3 d&#8217;un mirall amb pasta de modelar i pintura.<\/span><\/p>\n<p><span style=\"font-weight: 400;\">El primer que vam fer va ser agafar la pasta de modelar. Despr\u00e9s, la vam aplanar i li vam donar forma, en aquest cas, de mirall. A continuaci\u00f3 la vam deixar assecar durant 24 hores. L&#8217;endem\u00e0 vam pintar els miralls i els hi vam afegir diferents decoracions. Finalment, vam fer una petita exposici\u00f3 dels miralls tant 6\u00e8 A com 6\u00e8 B al vest\u00edbul de l&#8217;escola.<\/span><\/p>\n","protected":false},"excerpt":{"rendered":"<p>Hola, som els alumnes de sis\u00e8 i ara us explicarem el proc\u00e9s de la realitzaci\u00f3 d&#8217;un mirall amb pasta de modelar i pintura.<br \/>\nEl primer que vam fer va ser agafar la pasta de modelar. Despr\u00e9s, la vam aplanar i li vam donar forma, en aquest&hellip;  <a href=\"https:\/\/agora.xtec.cat\/ceip-ignasiiglesias-cornella\/portada\/6e-fem-miralls\/\" title=\"Read 6\u00e8. Fem miralls\">Llegeix m\u00e9s\u00bb<\/a><\/p>\n","protected":false},"author":4,"featured_media":6275,"comment_status":"open","ping_status":"closed","sticky":false,"template":"","format":"standard","meta":{"_bbp_topic_count":0,"_bbp_reply_count":0,"_bbp_total_topic_count":0,"_bbp_total_reply_count":0,"_bbp_voice_count":0,"_bbp_anonymous_reply_count":0,"_bbp_topic_count_hidden":0,"_bbp_reply_count_hidden":0,"_bbp_forum_subforum_count":0,"footnotes":""},"categories":[14,4],"tags":[930],"class_list":["post-6274","post","type-post","status-publish","format-standard","has-post-thumbnail","hentry","category-cicle-superior","category-portada","tag-mirall"],"post_mailing_queue_ids":[],"_links":{"self":[{"href":"https:\/\/agora.xtec.cat\/ceip-ignasiiglesias-cornella\/wp-json\/wp\/v2\/posts\/6274","targetHints":{"allow":["GET"]}}],"collection":[{"href":"https:\/\/agora.xtec.cat\/ceip-ignasiiglesias-cornella\/wp-json\/wp\/v2\/posts"}],"about":[{"href":"https:\/\/agora.xtec.cat\/ceip-ignasiiglesias-cornella\/wp-json\/wp\/v2\/types\/post"}],"author":[{"embeddable":true,"href":"https:\/\/agora.xtec.cat\/ceip-ignasiiglesias-cornella\/wp-json\/wp\/v2\/users\/4"}],"replies":[{"embeddable":true,"href":"https:\/\/agora.xtec.cat\/ceip-ignasiiglesias-cornella\/wp-json\/wp\/v2\/comments?post=6274"}],"version-history":[{"count":1,"href":"https:\/\/agora.xtec.cat\/ceip-ignasiiglesias-cornella\/wp-json\/wp\/v2\/posts\/6274\/revisions"}],"predecessor-version":[{"id":6276,"href":"https:\/\/agora.xtec.cat\/ceip-ignasiiglesias-cornella\/wp-json\/wp\/v2\/posts\/6274\/revisions\/6276"}],"wp:featuredmedia":[{"embeddable":true,"href":"https:\/\/agora.xtec.cat\/ceip-ignasiiglesias-cornella\/wp-json\/wp\/v2\/media\/6275"}],"wp:attachment":[{"href":"https:\/\/agora.xtec.cat\/ceip-ignasiiglesias-cornella\/wp-json\/wp\/v2\/media?parent=6274"}],"wp:term":[{"taxonomy":"category","embeddable":true,"href":"https:\/\/agora.xtec.cat\/ceip-ignasiiglesias-cornella\/wp-json\/wp\/v2\/categories?post=6274"},{"taxonomy":"post_tag","embeddable":true,"href":"https:\/\/agora.xtec.cat\/ceip-ignasiiglesias-cornella\/wp-json\/wp\/v2\/tags?post=6274"}],"curies":[{"name":"wp","href":"https:\/\/api.w.org\/{rel}","templated":true}]}}