{"id":6267,"date":"2022-03-11T11:06:15","date_gmt":"2022-03-11T10:06:15","guid":{"rendered":"https:\/\/agora.xtec.cat\/ceip-ignasiiglesias-cornella\/?p=6267"},"modified":"2022-03-14T00:57:37","modified_gmt":"2022-03-13T23:57:37","slug":"el-punt-lila-de-lignasi","status":"publish","type":"post","link":"https:\/\/agora.xtec.cat\/ceip-ignasiiglesias-cornella\/portada\/el-punt-lila-de-lignasi\/","title":{"rendered":"EL PUNT LILA DE L\u2019IGNASI"},"content":{"rendered":"<p><span style=\"font-weight: 400;\">A la biblioteca de la nostra escola hi pots trobar una nova secci\u00f3: el punt lila. Un espai on podr\u00e0s gaudir de tot tipus de textos escrits i jocs ben divertits sobre la coeducaci\u00f3 i la perspectiva de g\u00e8nere.<\/span><\/p>\n<p><span style=\"font-weight: 400;\">El lloc perfecte per descobrir o aprofundir en aquests aspectes, que malgrat l\u2019avan\u00e7 de la societat, \u00e9s encara tan necessari treballar.<\/span><\/p>\n<p><a href=\"https:\/\/photos.app.goo.gl\/BiRD2Wo4PLtzo3Tr8\"><span style=\"font-weight: 400;\">Anima\u2019t i vine a fer-hi un cop d\u2019ull!<\/span><\/a><\/p>\n<p><span style=\"font-weight: 400;\">Gemma Hern\u00e1ndez.<\/span><\/p>\n<p><span style=\"font-weight: 400;\">Comissi\u00f3 de biblioteca.<\/span><\/p>\n","protected":false},"excerpt":{"rendered":"<p>A la biblioteca de la nostra escola hi pots trobar una nova secci\u00f3: el punt lila. Un espai on podr\u00e0s gaudir de tot tipus de textos escrits i jocs ben divertits sobre la coeducaci\u00f3 i la perspectiva de g\u00e8nere.<br \/>\nEl lloc perfecte per descobrir o aprofundir&hellip;  <a href=\"https:\/\/agora.xtec.cat\/ceip-ignasiiglesias-cornella\/portada\/el-punt-lila-de-lignasi\/\" title=\"Read EL PUNT LILA DE L\u2019IGNASI\">Llegeix m\u00e9s\u00bb<\/a><\/p>\n","protected":false},"author":52,"featured_media":6278,"comment_status":"open","ping_status":"closed","sticky":false,"template":"","format":"standard","meta":{"_bbp_topic_count":0,"_bbp_reply_count":0,"_bbp_total_topic_count":0,"_bbp_total_reply_count":0,"_bbp_voice_count":0,"_bbp_anonymous_reply_count":0,"_bbp_topic_count_hidden":0,"_bbp_reply_count_hidden":0,"_bbp_forum_subforum_count":0,"footnotes":""},"categories":[819,4],"tags":[806,848,611,712],"class_list":["post-6267","post","type-post","status-publish","format-standard","has-post-thumbnail","hentry","category-biblioteca","category-portada","tag-bibliotecas","tag-8m","tag-coeducacio","tag-perspectivadegenere"],"post_mailing_queue_ids":[],"_links":{"self":[{"href":"https:\/\/agora.xtec.cat\/ceip-ignasiiglesias-cornella\/wp-json\/wp\/v2\/posts\/6267","targetHints":{"allow":["GET"]}}],"collection":[{"href":"https:\/\/agora.xtec.cat\/ceip-ignasiiglesias-cornella\/wp-json\/wp\/v2\/posts"}],"about":[{"href":"https:\/\/agora.xtec.cat\/ceip-ignasiiglesias-cornella\/wp-json\/wp\/v2\/types\/post"}],"author":[{"embeddable":true,"href":"https:\/\/agora.xtec.cat\/ceip-ignasiiglesias-cornella\/wp-json\/wp\/v2\/users\/52"}],"replies":[{"embeddable":true,"href":"https:\/\/agora.xtec.cat\/ceip-ignasiiglesias-cornella\/wp-json\/wp\/v2\/comments?post=6267"}],"version-history":[{"count":3,"href":"https:\/\/agora.xtec.cat\/ceip-ignasiiglesias-cornella\/wp-json\/wp\/v2\/posts\/6267\/revisions"}],"predecessor-version":[{"id":6280,"href":"https:\/\/agora.xtec.cat\/ceip-ignasiiglesias-cornella\/wp-json\/wp\/v2\/posts\/6267\/revisions\/6280"}],"wp:featuredmedia":[{"embeddable":true,"href":"https:\/\/agora.xtec.cat\/ceip-ignasiiglesias-cornella\/wp-json\/wp\/v2\/media\/6278"}],"wp:attachment":[{"href":"https:\/\/agora.xtec.cat\/ceip-ignasiiglesias-cornella\/wp-json\/wp\/v2\/media?parent=6267"}],"wp:term":[{"taxonomy":"category","embeddable":true,"href":"https:\/\/agora.xtec.cat\/ceip-ignasiiglesias-cornella\/wp-json\/wp\/v2\/categories?post=6267"},{"taxonomy":"post_tag","embeddable":true,"href":"https:\/\/agora.xtec.cat\/ceip-ignasiiglesias-cornella\/wp-json\/wp\/v2\/tags?post=6267"}],"curies":[{"name":"wp","href":"https:\/\/api.w.org\/{rel}","templated":true}]}}