{"id":6254,"date":"2022-03-09T13:47:31","date_gmt":"2022-03-09T12:47:31","guid":{"rendered":"https:\/\/agora.xtec.cat\/ceip-ignasiiglesias-cornella\/?p=6254"},"modified":"2022-03-09T13:48:22","modified_gmt":"2022-03-09T12:48:22","slug":"1ra-sortida-al-zoo-de-barcelona","status":"publish","type":"post","link":"https:\/\/agora.xtec.cat\/ceip-ignasiiglesias-cornella\/general\/1ra-sortida-al-zoo-de-barcelona\/","title":{"rendered":"1rA  Sortida al Zoo de Barcelona"},"content":{"rendered":"<p>Els nens i nenes de la classe de 1rA han anat al Zoo de Barcelona, amb la intenci\u00f3 d&#8217;esbrinar si els Dracs nom\u00e9s s\u00f3n del m\u00f3n imaginari o si tamb\u00e9 hi han de reals.<br \/>\nAl zoo hem fet un taller del Drac de Komodo i hem apr\u00e8s moltes coses d&#8217;ell.<br \/>\nSi vols veure les fotos clica la imatge.<\/p>\n<p><a href=\"https:\/\/agora.xtec.cat\/ceip-ignasiiglesias-cornella\/cicle-inicial-2021-2022\/\"><img loading=\"lazy\" decoding=\"async\" class=\"wp-image-6256 aligncenter\" src=\"https:\/\/agora.xtec.cat\/ceip-ignasiiglesias-cornella\/wp-content\/uploads\/usu1592\/2022\/03\/Drac-de-komodo-1024x795.jpg\" alt=\"\" width=\"498\" height=\"387\" srcset=\"https:\/\/agora.xtec.cat\/ceip-ignasiiglesias-cornella\/wp-content\/uploads\/usu1592\/2022\/03\/Drac-de-komodo-1024x795.jpg 1024w, https:\/\/agora.xtec.cat\/ceip-ignasiiglesias-cornella\/wp-content\/uploads\/usu1592\/2022\/03\/Drac-de-komodo-300x233.jpg 300w, https:\/\/agora.xtec.cat\/ceip-ignasiiglesias-cornella\/wp-content\/uploads\/usu1592\/2022\/03\/Drac-de-komodo-768x597.jpg 768w, https:\/\/agora.xtec.cat\/ceip-ignasiiglesias-cornella\/wp-content\/uploads\/usu1592\/2022\/03\/Drac-de-komodo-1536x1193.jpg 1536w, https:\/\/agora.xtec.cat\/ceip-ignasiiglesias-cornella\/wp-content\/uploads\/usu1592\/2022\/03\/Drac-de-komodo.jpg 1554w\" sizes=\"auto, (max-width: 498px) 100vw, 498px\" \/><\/a><\/p>\n","protected":false},"excerpt":{"rendered":"<p>Els nens i nenes de la classe de 1rA han anat al Zoo de Barcelona, amb la intenci\u00f3 d&#8217;esbrinar si els Dracs nom\u00e9s s\u00f3n del m\u00f3n imaginari o si tamb\u00e9 hi han de reals.<br \/>\nAl zoo hem fet un taller del Drac de Komodo i hem&hellip;  <a href=\"https:\/\/agora.xtec.cat\/ceip-ignasiiglesias-cornella\/general\/1ra-sortida-al-zoo-de-barcelona\/\" title=\"Read 1rA  Sortida al Zoo de Barcelona\">Llegeix m\u00e9s\u00bb<\/a><\/p>\n","protected":false},"author":4,"featured_media":6256,"comment_status":"closed","ping_status":"closed","sticky":false,"template":"","format":"standard","meta":{"_bbp_topic_count":0,"_bbp_reply_count":0,"_bbp_total_topic_count":0,"_bbp_total_reply_count":0,"_bbp_voice_count":0,"_bbp_anonymous_reply_count":0,"_bbp_topic_count_hidden":0,"_bbp_reply_count_hidden":0,"_bbp_forum_subforum_count":0,"footnotes":""},"categories":[898,10,1,899],"tags":[116,137,141,929],"class_list":["post-6254","post","type-post","status-publish","format-standard","has-post-thumbnail","hentry","category-1r","category-cicle-inicial","category-general","category-sortida","tag-1r","tag-cicle-inicial","tag-sortida","tag-zoo"],"post_mailing_queue_ids":[],"_links":{"self":[{"href":"https:\/\/agora.xtec.cat\/ceip-ignasiiglesias-cornella\/wp-json\/wp\/v2\/posts\/6254","targetHints":{"allow":["GET"]}}],"collection":[{"href":"https:\/\/agora.xtec.cat\/ceip-ignasiiglesias-cornella\/wp-json\/wp\/v2\/posts"}],"about":[{"href":"https:\/\/agora.xtec.cat\/ceip-ignasiiglesias-cornella\/wp-json\/wp\/v2\/types\/post"}],"author":[{"embeddable":true,"href":"https:\/\/agora.xtec.cat\/ceip-ignasiiglesias-cornella\/wp-json\/wp\/v2\/users\/4"}],"replies":[{"embeddable":true,"href":"https:\/\/agora.xtec.cat\/ceip-ignasiiglesias-cornella\/wp-json\/wp\/v2\/comments?post=6254"}],"version-history":[{"count":4,"href":"https:\/\/agora.xtec.cat\/ceip-ignasiiglesias-cornella\/wp-json\/wp\/v2\/posts\/6254\/revisions"}],"predecessor-version":[{"id":6261,"href":"https:\/\/agora.xtec.cat\/ceip-ignasiiglesias-cornella\/wp-json\/wp\/v2\/posts\/6254\/revisions\/6261"}],"wp:featuredmedia":[{"embeddable":true,"href":"https:\/\/agora.xtec.cat\/ceip-ignasiiglesias-cornella\/wp-json\/wp\/v2\/media\/6256"}],"wp:attachment":[{"href":"https:\/\/agora.xtec.cat\/ceip-ignasiiglesias-cornella\/wp-json\/wp\/v2\/media?parent=6254"}],"wp:term":[{"taxonomy":"category","embeddable":true,"href":"https:\/\/agora.xtec.cat\/ceip-ignasiiglesias-cornella\/wp-json\/wp\/v2\/categories?post=6254"},{"taxonomy":"post_tag","embeddable":true,"href":"https:\/\/agora.xtec.cat\/ceip-ignasiiglesias-cornella\/wp-json\/wp\/v2\/tags?post=6254"}],"curies":[{"name":"wp","href":"https:\/\/api.w.org\/{rel}","templated":true}]}}