{"id":6237,"date":"2022-03-08T10:31:30","date_gmt":"2022-03-08T09:31:30","guid":{"rendered":"https:\/\/agora.xtec.cat\/ceip-ignasiiglesias-cornella\/?p=6237"},"modified":"2022-03-08T10:32:12","modified_gmt":"2022-03-08T09:32:12","slug":"8m-la-dona-esportista","status":"publish","type":"post","link":"https:\/\/agora.xtec.cat\/ceip-ignasiiglesias-cornella\/general\/8m-la-dona-esportista\/","title":{"rendered":"8M &#8211; La dona esportista"},"content":{"rendered":"<p><a href=\"https:\/\/agora.xtec.cat\/ceip-ignasiiglesias-cornella\/wp-content\/uploads\/usu1592\/2022\/03\/dona-i-esport.png\"><img loading=\"lazy\" decoding=\"async\" class=\"size-full wp-image-6238 aligncenter\" src=\"https:\/\/agora.xtec.cat\/ceip-ignasiiglesias-cornella\/wp-content\/uploads\/usu1592\/2022\/03\/dona-i-esport.png\" alt=\"\" width=\"537\" height=\"438\" srcset=\"https:\/\/agora.xtec.cat\/ceip-ignasiiglesias-cornella\/wp-content\/uploads\/usu1592\/2022\/03\/dona-i-esport.png 537w, https:\/\/agora.xtec.cat\/ceip-ignasiiglesias-cornella\/wp-content\/uploads\/usu1592\/2022\/03\/dona-i-esport-300x245.png 300w\" sizes=\"auto, (max-width: 537px) 100vw, 537px\" \/><\/a><\/p>\n<p>Aquest curs s&#8217;ha proposat el tema de la dona esportista\u00a0per treballar el dia 8M i la seva setmana. Entenem que l\u2019esport femen\u00ed no t\u00e9 tanta repercussi\u00f3 com el mascul\u00ed i es coneixen poques esportistes femenines i aix\u00f2 fa que es perdin referents molt importants en l\u2019esport.<\/p>\n<p>Aquesta tem\u00e0tica va sorgir a partir de la pilota d\u2019or femen\u00ed on la catalana Alexia Putelles va ser la guanyadora i, t\u00e9 continu\u00eftat amb l&#8217;Open d&#8217;Australia on el tenista mallorqu\u00ed Rafa Nadal va guanyar el seu Grand Slam n\u00famero 21 i la premsa deia que era el tenista amb m\u00e9s Grand Slams del circuit i va discriminar a 3 tenistes femenines que en tenen m\u00e9s que ell.<\/p>\n<p>Es va demanar a una s\u00e8rie d\u2019esportistes de diferents modalitats que ens donessin la seva visi\u00f3 de l\u2019esport femen\u00ed i que haur\u00edem de fer perqu\u00e8 pogu\u00e9s tenir m\u00e9s repercussi\u00f3 l\u2019esport femen\u00ed.<\/p>\n<p>Des de l\u2019escola volem agrair la seva col\u00b7laboraci\u00f3 i el temps que ens han dedicat per poder donar m\u00e9s visibilitat a les esportistes femenines.<\/p>\n<p>Especialment volem agrair a: <strong>Aauri Bokesa<\/strong> (atleta participant en 3 Jocs Ol\u00edmpics), <strong>Ana\u00efr Lomba<\/strong> (ex jugadora del RCD Espanyol), <strong>Ja\u00ebl Bestu\u00e9<\/strong>\u00a0(atleta participant en els Jocs Ol\u00edmpics de Tokyo), <strong>Laura Blanco<\/strong> (jugadora del Cadis CF) i <strong>Lorena Gutierrez<\/strong> (atleta i entrenadora Crossfit).<\/p>\n<p>Volem compartir amb tots vosaltres l\u2019entrevista amb l\u2019Ana\u00efr realitzada per dues alumnes de 6\u00e8 de l\u2019escola i el v\u00eddeo presentaci\u00f3 de les esportistes participants.<\/p>\n<p><a href=\"https:\/\/go.ivoox.com\/rf\/83166327\" target=\"_blank\" rel=\"noopener\">Entrevista Ana\u00efr Lomba<\/a><\/p>\n<p><a href=\"https:\/\/youtu.be\/1k1cv2HrG18\" target=\"_blank\" rel=\"noopener\">Video esportistes<\/a><\/p>\n<p>&nbsp;<\/p>\n","protected":false},"excerpt":{"rendered":"<p><a href=\"https:\/\/agora.xtec.cat\/ceip-ignasiiglesias-cornella\/wp-content\/uploads\/usu1592\/2022\/03\/dona-i-esport.png\"><\/a><br \/>\nAquest curs s&#8217;ha proposat el tema de la dona esportista\u00a0per treballar el dia 8M i la seva setmana. Entenem que l\u2019esport femen\u00ed no t\u00e9 tanta repercussi\u00f3 com el mascul\u00ed i es coneixen poques esportistes femenines i aix\u00f2 fa que es perdin referents molt importants&hellip;  <a href=\"https:\/\/agora.xtec.cat\/ceip-ignasiiglesias-cornella\/general\/8m-la-dona-esportista\/\" title=\"Read 8M &#8211; La dona esportista\">Llegeix m\u00e9s\u00bb<\/a><\/p>\n","protected":false},"author":4,"featured_media":6238,"comment_status":"open","ping_status":"closed","sticky":false,"template":"","format":"standard","meta":{"_bbp_topic_count":0,"_bbp_reply_count":0,"_bbp_total_topic_count":0,"_bbp_total_reply_count":0,"_bbp_voice_count":0,"_bbp_anonymous_reply_count":0,"_bbp_topic_count_hidden":0,"_bbp_reply_count_hidden":0,"_bbp_forum_subforum_count":0,"footnotes":""},"categories":[1,4],"tags":[848,716,927,308],"class_list":["post-6237","post","type-post","status-publish","format-standard","has-post-thumbnail","hentry","category-general","category-portada","tag-8m","tag-dia-de-la-dona","tag-dona-esportista","tag-esport"],"post_mailing_queue_ids":[],"_links":{"self":[{"href":"https:\/\/agora.xtec.cat\/ceip-ignasiiglesias-cornella\/wp-json\/wp\/v2\/posts\/6237","targetHints":{"allow":["GET"]}}],"collection":[{"href":"https:\/\/agora.xtec.cat\/ceip-ignasiiglesias-cornella\/wp-json\/wp\/v2\/posts"}],"about":[{"href":"https:\/\/agora.xtec.cat\/ceip-ignasiiglesias-cornella\/wp-json\/wp\/v2\/types\/post"}],"author":[{"embeddable":true,"href":"https:\/\/agora.xtec.cat\/ceip-ignasiiglesias-cornella\/wp-json\/wp\/v2\/users\/4"}],"replies":[{"embeddable":true,"href":"https:\/\/agora.xtec.cat\/ceip-ignasiiglesias-cornella\/wp-json\/wp\/v2\/comments?post=6237"}],"version-history":[{"count":3,"href":"https:\/\/agora.xtec.cat\/ceip-ignasiiglesias-cornella\/wp-json\/wp\/v2\/posts\/6237\/revisions"}],"predecessor-version":[{"id":6253,"href":"https:\/\/agora.xtec.cat\/ceip-ignasiiglesias-cornella\/wp-json\/wp\/v2\/posts\/6237\/revisions\/6253"}],"wp:featuredmedia":[{"embeddable":true,"href":"https:\/\/agora.xtec.cat\/ceip-ignasiiglesias-cornella\/wp-json\/wp\/v2\/media\/6238"}],"wp:attachment":[{"href":"https:\/\/agora.xtec.cat\/ceip-ignasiiglesias-cornella\/wp-json\/wp\/v2\/media?parent=6237"}],"wp:term":[{"taxonomy":"category","embeddable":true,"href":"https:\/\/agora.xtec.cat\/ceip-ignasiiglesias-cornella\/wp-json\/wp\/v2\/categories?post=6237"},{"taxonomy":"post_tag","embeddable":true,"href":"https:\/\/agora.xtec.cat\/ceip-ignasiiglesias-cornella\/wp-json\/wp\/v2\/tags?post=6237"}],"curies":[{"name":"wp","href":"https:\/\/api.w.org\/{rel}","templated":true}]}}