{"id":6223,"date":"2022-03-01T22:32:03","date_gmt":"2022-03-01T21:32:03","guid":{"rendered":"https:\/\/agora.xtec.cat\/ceip-ignasiiglesias-cornella\/?p=6223"},"modified":"2022-06-10T10:38:20","modified_gmt":"2022-06-10T08:38:20","slug":"preinscripcions-curs-2022-2023","status":"publish","type":"post","link":"https:\/\/agora.xtec.cat\/ceip-ignasiiglesias-cornella\/general\/preinscripcions-curs-2022-2023\/","title":{"rendered":"PREINSCRIPCIONS CURS 2022-2023"},"content":{"rendered":"<p>Benvolgudes fam\u00edlies, detallem a continuaci\u00f3\u00a0 la informaci\u00f3 proporcionada pel Departament d&#8217;Educaci\u00f3 en relaci\u00f3 a la preinscripci\u00f3 i matr\u00edcula:<\/p>\n<ul>\n<li>\n<div>Web de la\u00a0<strong><a href=\"https:\/\/preinscripcio.gencat.cat\/ca\/inici\/\" target=\"_blank\" rel=\"noopener\" data-saferedirecturl=\"https:\/\/www.google.com\/url?q=https:\/\/preinscripcio.gencat.cat\/ca\/inici\/&amp;source=gmail&amp;ust=1646254357856000&amp;usg=AOvVaw3XPA9HTZhJySo9yybXSVUo\">Preinscripci\u00f3<\/a><\/strong>, que \u00e9s l&#8217;espai d&#8217;acompanyament per a les fam\u00edlies en el proc\u00e9s de la preinscripci\u00f3 escolar.<\/div>\n<\/li>\n<li>\n<div>Butllet\u00ed\u00a0<strong><a href=\"http:\/\/educacio.gencat.cat\/ca\/departament\/publicacions\/butlletins\/infoescola\/butlleti-29\/index.html\" target=\"_blank\" rel=\"noopener\" data-saferedirecturl=\"https:\/\/www.google.com\/url?q=http:\/\/educacio.gencat.cat\/ca\/departament\/publicacions\/butlletins\/infoescola\/butlleti-29\/index.html&amp;source=gmail&amp;ust=1646254357857000&amp;usg=AOvVaw3OjBqODmqALWg6aKvoiqZN\">Infoescola<\/a><\/strong>, edici\u00f3 especial de la preinscripci\u00f3 escolar, que inclou les novetats per al curs 2022-2023 i tot all\u00f2 que les fam\u00edlies cal que tingueu en compte: tria de centre, sistema de puntuacions, com emplenar la sol\u00b7licitud, etc. Aix\u00ed mateix, les fam\u00edlies us podeu subscriure a aquest butllet\u00ed mitjan\u00e7ant aquest <strong><a href=\"http:\/\/butlletins.gencat.cat\/pres_push\/AppJava\/preRegisterAlta.do?butlleti=36555719&amp;nextActiontodo=loginAlta&amp;chlang=ca_ES\" target=\"_blank\" rel=\"noopener\" data-saferedirecturl=\"https:\/\/www.google.com\/url?q=http:\/\/butlletins.gencat.cat\/pres_push\/AppJava\/preRegisterAlta.do?butlleti%3D36555719%26nextActiontodo%3DloginAlta%26chlang%3Dca_ES&amp;source=gmail&amp;ust=1646254357857000&amp;usg=AOvVaw1xrLlIgkVZ-glvdJZgJnvx\">enlla\u00e7<\/a><\/strong>.<\/div>\n<\/li>\n<\/ul>\n<p><a href=\"https:\/\/agora.xtec.cat\/ceip-ignasiiglesias-cornella\/wp-content\/uploads\/usu1592\/2022\/03\/OFERTA-INICIAL-DE-PLACES-2.pdf\">OFERTA INICIAL DE PLACES<\/a><\/p>\n<p><a href=\"https:\/\/agora.xtec.cat\/ceip-ignasiiglesias-cornella\/wp-content\/uploads\/usu1592\/2022\/04\/LLISTA-AMB-PUNTUACIO-PROVISIONAL.pdf\">LLISTA AMB PUNTUACI\u00d3 PROVISIONAL<\/a><\/p>\n<p><a href=\"https:\/\/agora.xtec.cat\/ceip-ignasiiglesias-cornella\/wp-content\/uploads\/usu1592\/2022\/05\/LLISTAT-BAREM-RESOLTES.pdf\">LLISTAT BAREM RESOLTES<\/a><\/p>\n<p><a href=\"https:\/\/agora.xtec.cat\/ceip-ignasiiglesias-cornella\/wp-content\/uploads\/usu1592\/2022\/05\/LLISTES-ORDENADES-DEFINITIVES.pdf\">LLISTES ORDENADES DEFINITIVES<\/a><\/p>\n<p><a href=\"https:\/\/agora.xtec.cat\/ceip-ignasiiglesias-cornella\/wp-content\/uploads\/usu1592\/2022\/06\/OFERTA-DEFINITIVA.pdf\">OFERTA DEFINITIVA<\/a><\/p>\n<p><a href=\"https:\/\/agora.xtec.cat\/ceip-ignasiiglesias-cornella\/wp-content\/uploads\/usu1592\/2022\/06\/LLISTAT-ASSIGNACIO-DEFINITIVES.pdf\">LLISTAT ASSIGNACI\u00d3 DEFINITIVES<\/a><\/p>\n<p><a href=\"https:\/\/agora.xtec.cat\/ceip-ignasiiglesias-cornella\/wp-content\/uploads\/usu1592\/2022\/06\/LLISTAT-PREINSCRITES-CENTRE.pdf\">LLISTAT PREINSCRITES CENTRE<\/a><\/p>\n<p><a href=\"https:\/\/agora.xtec.cat\/ceip-ignasiiglesias-cornella\/wp-content\/uploads\/usu1592\/2022\/06\/LLISTA-DESPERA.pdf\">LLISTA D&#8217;ESPERA<\/a><\/p>\n","protected":false},"excerpt":{"rendered":"<p>Benvolgudes fam\u00edlies, detallem a continuaci\u00f3\u00a0 la informaci\u00f3 proporcionada pel Departament d&#8217;Educaci\u00f3 en relaci\u00f3 a la preinscripci\u00f3 i matr\u00edcula:<\/p>\n<ul>\n<li>\nWeb de la\u00a0<a href=\"https:\/\/preinscripcio.gencat.cat\/ca\/inici\/\" target=\"_blank\" rel=\"noopener\" data-saferedirecturl=\"https:\/\/www.google.com\/url?q=https:\/\/preinscripcio.gencat.cat\/ca\/inici\/&amp;source=gmail&amp;ust=1646254357856000&amp;usg=AOvVaw3XPA9HTZhJySo9yybXSVUo\">Preinscripci\u00f3<\/a>, que \u00e9s l&#8217;espai d&#8217;acompanyament per a les fam\u00edlies en el proc\u00e9s de la preinscripci\u00f3 escolar.\n<\/li>\n<li>\nButllet\u00ed\u00a0<a href=\"http:\/\/educacio.gencat.cat\/ca\/departament\/publicacions\/butlletins\/infoescola\/butlleti-29\/index.html\" target=\"_blank\" rel=\"noopener\" data-saferedirecturl=\"https:\/\/www.google.com\/url?q=http:\/\/educacio.gencat.cat\/ca\/departament\/publicacions\/butlletins\/infoescola\/butlleti-29\/index.html&amp;source=gmail&amp;ust=1646254357857000&amp;usg=AOvVaw3OjBqODmqALWg6aKvoiqZN\">Infoescola<\/a>, edici\u00f3 especial&hellip;  <a href=\"https:\/\/agora.xtec.cat\/ceip-ignasiiglesias-cornella\/general\/preinscripcions-curs-2022-2023\/\" title=\"Read PREINSCRIPCIONS CURS 2022-2023\">Llegeix m\u00e9s\u00bb<\/a><\/p>\n","protected":false},"author":4,"featured_media":0,"comment_status":"open","ping_status":"closed","sticky":false,"template":"","format":"standard","meta":{"_bbp_topic_count":0,"_bbp_reply_count":0,"_bbp_total_topic_count":0,"_bbp_total_reply_count":0,"_bbp_voice_count":0,"_bbp_anonymous_reply_count":0,"_bbp_topic_count_hidden":0,"_bbp_reply_count_hidden":0,"_bbp_forum_subforum_count":0,"footnotes":""},"categories":[1],"tags":[],"class_list":["post-6223","post","type-post","status-publish","format-standard","hentry","category-general"],"post_mailing_queue_ids":[],"_links":{"self":[{"href":"https:\/\/agora.xtec.cat\/ceip-ignasiiglesias-cornella\/wp-json\/wp\/v2\/posts\/6223","targetHints":{"allow":["GET"]}}],"collection":[{"href":"https:\/\/agora.xtec.cat\/ceip-ignasiiglesias-cornella\/wp-json\/wp\/v2\/posts"}],"about":[{"href":"https:\/\/agora.xtec.cat\/ceip-ignasiiglesias-cornella\/wp-json\/wp\/v2\/types\/post"}],"author":[{"embeddable":true,"href":"https:\/\/agora.xtec.cat\/ceip-ignasiiglesias-cornella\/wp-json\/wp\/v2\/users\/4"}],"replies":[{"embeddable":true,"href":"https:\/\/agora.xtec.cat\/ceip-ignasiiglesias-cornella\/wp-json\/wp\/v2\/comments?post=6223"}],"version-history":[{"count":4,"href":"https:\/\/agora.xtec.cat\/ceip-ignasiiglesias-cornella\/wp-json\/wp\/v2\/posts\/6223\/revisions"}],"predecessor-version":[{"id":6405,"href":"https:\/\/agora.xtec.cat\/ceip-ignasiiglesias-cornella\/wp-json\/wp\/v2\/posts\/6223\/revisions\/6405"}],"wp:attachment":[{"href":"https:\/\/agora.xtec.cat\/ceip-ignasiiglesias-cornella\/wp-json\/wp\/v2\/media?parent=6223"}],"wp:term":[{"taxonomy":"category","embeddable":true,"href":"https:\/\/agora.xtec.cat\/ceip-ignasiiglesias-cornella\/wp-json\/wp\/v2\/categories?post=6223"},{"taxonomy":"post_tag","embeddable":true,"href":"https:\/\/agora.xtec.cat\/ceip-ignasiiglesias-cornella\/wp-json\/wp\/v2\/tags?post=6223"}],"curies":[{"name":"wp","href":"https:\/\/api.w.org\/{rel}","templated":true}]}}