{"id":6205,"date":"2022-02-27T17:01:40","date_gmt":"2022-02-27T16:01:40","guid":{"rendered":"https:\/\/agora.xtec.cat\/ceip-ignasiiglesias-cornella\/?p=6205"},"modified":"2022-02-27T17:01:40","modified_gmt":"2022-02-27T16:01:40","slug":"5e-taller-apilo","status":"publish","type":"post","link":"https:\/\/agora.xtec.cat\/ceip-ignasiiglesias-cornella\/general\/5e-taller-apilo\/","title":{"rendered":"5\u00e8. TALLER &#8220;APILO&#8221;"},"content":{"rendered":"<p>Estem envoltats d\u2019aparells de tot tipus que utilitzen piles com a font d\u2019energia: el rellotge, el m\u00f2bil, els comandaments a dist\u00e0ncia, les joguines\u2026 Les piles i bateries s\u00f3n dispositius que contenen subst\u00e0ncies qu\u00edmiques que reaccionen entre elles i transformen l\u2019energia d\u2019aquesta reacci\u00f3 en electricitat. (Quan estan esgotades, aquestes subst\u00e0ncies qu\u00edmiques i materials poden fer malb\u00e9 el medi ambient. Si les reciclem, el protegirem i tamb\u00e9 estalviarem molts recursos.)<\/p>\n<p>I nosaltres ho hem comprovat amb, nom\u00e9s, una llimona, un clau i una moneda de coure. Aquest n&#8217;ha estat el resultat.<\/p>\n<p>Per veure imatges del taller cliqueu <a href=\"https:\/\/agora.xtec.cat\/ceip-ignasiiglesias-cornella\/cicle-superior-2021-2022\/\">AQU\u00cd<\/a><\/p>\n<article>\n<div class=\"row lil-2 wow rubberBand animated\">\n<div class=\"col c12\">\n<h3 class=\"missio\"><\/h3>\n<\/div>\n<\/div>\n<\/article>\n","protected":false},"excerpt":{"rendered":"<p>Estem envoltats d\u2019aparells de tot tipus que utilitzen piles com a font d\u2019energia: el rellotge, el m\u00f2bil, els comandaments a dist\u00e0ncia, les joguines\u2026 Les piles i bateries s\u00f3n dispositius que contenen subst\u00e0ncies qu\u00edmiques que reaccionen entre elles i transformen l\u2019energia d\u2019aquesta reacci\u00f3 en electricitat. (Quan&hellip;  <a href=\"https:\/\/agora.xtec.cat\/ceip-ignasiiglesias-cornella\/general\/5e-taller-apilo\/\" title=\"Read 5\u00e8. TALLER &#8220;APILO&#8221;\">Llegeix m\u00e9s\u00bb<\/a><\/p>\n","protected":false},"author":52,"featured_media":6207,"comment_status":"open","ping_status":"closed","sticky":false,"template":"","format":"standard","meta":{"_bbp_topic_count":0,"_bbp_reply_count":0,"_bbp_total_topic_count":0,"_bbp_total_reply_count":0,"_bbp_voice_count":0,"_bbp_anonymous_reply_count":0,"_bbp_topic_count_hidden":0,"_bbp_reply_count_hidden":0,"_bbp_forum_subforum_count":0,"footnotes":""},"categories":[14,1,4],"tags":[922],"class_list":["post-6205","post","type-post","status-publish","format-standard","has-post-thumbnail","hentry","category-cicle-superior","category-general","category-portada","tag-apilo-cinque-sostenibilitat-reciclem-ciclesuperior-cinque"],"post_mailing_queue_ids":[],"_links":{"self":[{"href":"https:\/\/agora.xtec.cat\/ceip-ignasiiglesias-cornella\/wp-json\/wp\/v2\/posts\/6205","targetHints":{"allow":["GET"]}}],"collection":[{"href":"https:\/\/agora.xtec.cat\/ceip-ignasiiglesias-cornella\/wp-json\/wp\/v2\/posts"}],"about":[{"href":"https:\/\/agora.xtec.cat\/ceip-ignasiiglesias-cornella\/wp-json\/wp\/v2\/types\/post"}],"author":[{"embeddable":true,"href":"https:\/\/agora.xtec.cat\/ceip-ignasiiglesias-cornella\/wp-json\/wp\/v2\/users\/52"}],"replies":[{"embeddable":true,"href":"https:\/\/agora.xtec.cat\/ceip-ignasiiglesias-cornella\/wp-json\/wp\/v2\/comments?post=6205"}],"version-history":[{"count":2,"href":"https:\/\/agora.xtec.cat\/ceip-ignasiiglesias-cornella\/wp-json\/wp\/v2\/posts\/6205\/revisions"}],"predecessor-version":[{"id":6208,"href":"https:\/\/agora.xtec.cat\/ceip-ignasiiglesias-cornella\/wp-json\/wp\/v2\/posts\/6205\/revisions\/6208"}],"wp:featuredmedia":[{"embeddable":true,"href":"https:\/\/agora.xtec.cat\/ceip-ignasiiglesias-cornella\/wp-json\/wp\/v2\/media\/6207"}],"wp:attachment":[{"href":"https:\/\/agora.xtec.cat\/ceip-ignasiiglesias-cornella\/wp-json\/wp\/v2\/media?parent=6205"}],"wp:term":[{"taxonomy":"category","embeddable":true,"href":"https:\/\/agora.xtec.cat\/ceip-ignasiiglesias-cornella\/wp-json\/wp\/v2\/categories?post=6205"},{"taxonomy":"post_tag","embeddable":true,"href":"https:\/\/agora.xtec.cat\/ceip-ignasiiglesias-cornella\/wp-json\/wp\/v2\/tags?post=6205"}],"curies":[{"name":"wp","href":"https:\/\/api.w.org\/{rel}","templated":true}]}}