{"id":6181,"date":"2022-02-16T19:59:31","date_gmt":"2022-02-16T18:59:31","guid":{"rendered":"https:\/\/agora.xtec.cat\/ceip-ignasiiglesias-cornella\/?p=6181"},"modified":"2022-03-27T17:55:58","modified_gmt":"2022-03-27T15:55:58","slug":"4t-i-6e-radio-cornella","status":"publish","type":"post","link":"https:\/\/agora.xtec.cat\/ceip-ignasiiglesias-cornella\/general\/4t-i-6e-radio-cornella\/","title":{"rendered":"4t i 6\u00e8. R\u00c0DIO CORNELL\u00c0"},"content":{"rendered":"<p>La setmana passada, els i les alumnes de 4t i 6\u00e8, van anar a R\u00e0dio Cornell\u00e0 a gravar el seu programa de r\u00e0dio.<\/p>\n<p>Quan van tornar de les vacances de Nadal, van fer una primera visita per con\u00e8ixer l&#8217;espai i l&#8217;estudi de gravaci\u00f3 i control. Tamb\u00e9 van rebre les indicacions necess\u00e0ries que havien de tenir en compte a l&#8217; hora de crear el contingut del programa.<\/p>\n<p>A l&#8217;escola, van fer grups de 4, 5 o 6 infants, i van comen\u00e7ar a crear els guions. Un cop finalitzada la part d&#8217;escriptura i planificaci\u00f3, van passar a una segona fase d&#8217; assaig on es van tenir en compte aspectes com el ritme de lectura, la dicci\u00f3 i l&#8217;entonaci\u00f3.<\/p>\n<p>Per veure imatges d&#8217;aquesta activitat accediu a les galeries d&#8217; imatges de cada cicle:<\/p>\n<p><a href=\"https:\/\/agora.xtec.cat\/ceip-ignasiiglesias-cornella\/cicle-mitja-2021-2022\/\">CICLE MITJ\u00c0<\/a><\/p>\n<p><a href=\"https:\/\/agora.xtec.cat\/ceip-ignasiiglesias-cornella\/cicle-superior-2021-2022\/\">CICLE SUPERIOR<\/a><\/p>\n<p>Properament us informarem del dia d&#8217; emissi\u00f3 dels programes.<\/p>\n","protected":false},"excerpt":{"rendered":"<p>La setmana passada, els i les alumnes de 4t i 6\u00e8, van anar a R\u00e0dio Cornell\u00e0 a gravar el seu programa de r\u00e0dio.<br \/>\nQuan van tornar de les vacances de Nadal, van fer una primera visita per con\u00e8ixer l&#8217;espai i l&#8217;estudi de gravaci\u00f3 i control. Tamb\u00e9&hellip;  <a href=\"https:\/\/agora.xtec.cat\/ceip-ignasiiglesias-cornella\/general\/4t-i-6e-radio-cornella\/\" title=\"Read 4t i 6\u00e8. R\u00c0DIO CORNELL\u00c0\">Llegeix m\u00e9s\u00bb<\/a><\/p>\n","protected":false},"author":4,"featured_media":6305,"comment_status":"open","ping_status":"closed","sticky":false,"template":"","format":"standard","meta":{"_bbp_topic_count":0,"_bbp_reply_count":0,"_bbp_total_topic_count":0,"_bbp_total_reply_count":0,"_bbp_voice_count":0,"_bbp_anonymous_reply_count":0,"_bbp_topic_count_hidden":0,"_bbp_reply_count_hidden":0,"_bbp_forum_subforum_count":0,"footnotes":""},"categories":[12,14,1,4],"tags":[907],"class_list":["post-6181","post","type-post","status-publish","format-standard","has-post-thumbnail","hentry","category-cicle-mitja","category-cicle-superior","category-general","category-portada","tag-radio"],"post_mailing_queue_ids":[],"_links":{"self":[{"href":"https:\/\/agora.xtec.cat\/ceip-ignasiiglesias-cornella\/wp-json\/wp\/v2\/posts\/6181","targetHints":{"allow":["GET"]}}],"collection":[{"href":"https:\/\/agora.xtec.cat\/ceip-ignasiiglesias-cornella\/wp-json\/wp\/v2\/posts"}],"about":[{"href":"https:\/\/agora.xtec.cat\/ceip-ignasiiglesias-cornella\/wp-json\/wp\/v2\/types\/post"}],"author":[{"embeddable":true,"href":"https:\/\/agora.xtec.cat\/ceip-ignasiiglesias-cornella\/wp-json\/wp\/v2\/users\/4"}],"replies":[{"embeddable":true,"href":"https:\/\/agora.xtec.cat\/ceip-ignasiiglesias-cornella\/wp-json\/wp\/v2\/comments?post=6181"}],"version-history":[{"count":3,"href":"https:\/\/agora.xtec.cat\/ceip-ignasiiglesias-cornella\/wp-json\/wp\/v2\/posts\/6181\/revisions"}],"predecessor-version":[{"id":6203,"href":"https:\/\/agora.xtec.cat\/ceip-ignasiiglesias-cornella\/wp-json\/wp\/v2\/posts\/6181\/revisions\/6203"}],"wp:featuredmedia":[{"embeddable":true,"href":"https:\/\/agora.xtec.cat\/ceip-ignasiiglesias-cornella\/wp-json\/wp\/v2\/media\/6305"}],"wp:attachment":[{"href":"https:\/\/agora.xtec.cat\/ceip-ignasiiglesias-cornella\/wp-json\/wp\/v2\/media?parent=6181"}],"wp:term":[{"taxonomy":"category","embeddable":true,"href":"https:\/\/agora.xtec.cat\/ceip-ignasiiglesias-cornella\/wp-json\/wp\/v2\/categories?post=6181"},{"taxonomy":"post_tag","embeddable":true,"href":"https:\/\/agora.xtec.cat\/ceip-ignasiiglesias-cornella\/wp-json\/wp\/v2\/tags?post=6181"}],"curies":[{"name":"wp","href":"https:\/\/api.w.org\/{rel}","templated":true}]}}