{"id":6159,"date":"2022-02-07T01:38:34","date_gmt":"2022-02-07T00:38:34","guid":{"rendered":"https:\/\/agora.xtec.cat\/ceip-ignasiiglesias-cornella\/?p=6159"},"modified":"2022-02-14T01:18:43","modified_gmt":"2022-02-14T00:18:43","slug":"5e-companys-de-viatge","status":"publish","type":"post","link":"https:\/\/agora.xtec.cat\/ceip-ignasiiglesias-cornella\/portada\/5e-companys-de-viatge\/","title":{"rendered":"5\u00e8. Companys de viatge"},"content":{"rendered":"<p>El passat 1 de febrer, els nens i nenes de 5\u00e8 van realitzar a l&#8217;aula el taller &#8220;COMAPANYS DE VIATGE&#8221; a c\u00e0rrec dels professionals\u00a0 <a href=\"https:\/\/www.irenia.net\/\">d&#8217; Irenia<\/a>.<\/p>\n<p>En el taller es van fer un seguit de jocs simb\u00f2lics per apropar-se vivencialment a les dificultats, obstacles i perills que envolten els refugiats i despla\u00e7ats en el seu viatge, aix\u00ed com les emocions i sentiments que aquesta situaci\u00f3 comporta.<\/p>\n<p>A partir de les hist\u00f2ries d\u2019Ivine i Malak (que van marxar sense maleta cercant nous horitzons&#8230;) van connectar amb les sensacions i estats emocionals que es poden viure davant l\u2019experi\u00e8ncia de l\u2019exili for\u00e7at. Aquestes emocions es converteixen en companys de viatge: la por, la incertesa, la vulnerabilitat, la solitud&#8230;per\u00f2 venen de la m\u00e0 dels seus contrapunts: coratge, confian\u00e7a, for\u00e7a, solidaritat, determinaci\u00f3&#8230;<\/p>\n<p>Cliqueu <a href=\"https:\/\/agora.xtec.cat\/ceip-ignasiiglesias-cornella\/cicle-superior-2021-2022\/\">AQU\u00cd<\/a> per accedir a la galeria d&#8217; imatges.<\/p>\n<p>&nbsp;<\/p>\n<p>&nbsp;<\/p>\n","protected":false},"excerpt":{"rendered":"<p>El passat 1 de febrer, els nens i nenes de 5\u00e8 van realitzar a l&#8217;aula el taller &#8220;COMAPANYS DE VIATGE&#8221; a c\u00e0rrec dels professionals\u00a0 <a href=\"https:\/\/www.irenia.net\/\">d&#8217; Irenia<\/a>.<br \/>\nEn el taller es van fer un seguit de jocs simb\u00f2lics per apropar-se vivencialment a les dificultats, obstacles i&hellip;  <a href=\"https:\/\/agora.xtec.cat\/ceip-ignasiiglesias-cornella\/portada\/5e-companys-de-viatge\/\" title=\"Read 5\u00e8. Companys de viatge\">Llegeix m\u00e9s\u00bb<\/a><\/p>\n","protected":false},"author":4,"featured_media":6160,"comment_status":"open","ping_status":"closed","sticky":false,"template":"","format":"standard","meta":{"_bbp_topic_count":0,"_bbp_reply_count":0,"_bbp_total_topic_count":0,"_bbp_total_reply_count":0,"_bbp_voice_count":0,"_bbp_anonymous_reply_count":0,"_bbp_topic_count_hidden":0,"_bbp_reply_count_hidden":0,"_bbp_forum_subforum_count":0,"footnotes":""},"categories":[14,4],"tags":[918,919,912,913],"class_list":["post-6159","post","type-post","status-publish","format-standard","has-post-thumbnail","hentry","category-cicle-superior","category-portada","tag-companys","tag-exili","tag-refugiats","tag-viatge"],"post_mailing_queue_ids":[],"_links":{"self":[{"href":"https:\/\/agora.xtec.cat\/ceip-ignasiiglesias-cornella\/wp-json\/wp\/v2\/posts\/6159","targetHints":{"allow":["GET"]}}],"collection":[{"href":"https:\/\/agora.xtec.cat\/ceip-ignasiiglesias-cornella\/wp-json\/wp\/v2\/posts"}],"about":[{"href":"https:\/\/agora.xtec.cat\/ceip-ignasiiglesias-cornella\/wp-json\/wp\/v2\/types\/post"}],"author":[{"embeddable":true,"href":"https:\/\/agora.xtec.cat\/ceip-ignasiiglesias-cornella\/wp-json\/wp\/v2\/users\/4"}],"replies":[{"embeddable":true,"href":"https:\/\/agora.xtec.cat\/ceip-ignasiiglesias-cornella\/wp-json\/wp\/v2\/comments?post=6159"}],"version-history":[{"count":3,"href":"https:\/\/agora.xtec.cat\/ceip-ignasiiglesias-cornella\/wp-json\/wp\/v2\/posts\/6159\/revisions"}],"predecessor-version":[{"id":6201,"href":"https:\/\/agora.xtec.cat\/ceip-ignasiiglesias-cornella\/wp-json\/wp\/v2\/posts\/6159\/revisions\/6201"}],"wp:featuredmedia":[{"embeddable":true,"href":"https:\/\/agora.xtec.cat\/ceip-ignasiiglesias-cornella\/wp-json\/wp\/v2\/media\/6160"}],"wp:attachment":[{"href":"https:\/\/agora.xtec.cat\/ceip-ignasiiglesias-cornella\/wp-json\/wp\/v2\/media?parent=6159"}],"wp:term":[{"taxonomy":"category","embeddable":true,"href":"https:\/\/agora.xtec.cat\/ceip-ignasiiglesias-cornella\/wp-json\/wp\/v2\/categories?post=6159"},{"taxonomy":"post_tag","embeddable":true,"href":"https:\/\/agora.xtec.cat\/ceip-ignasiiglesias-cornella\/wp-json\/wp\/v2\/tags?post=6159"}],"curies":[{"name":"wp","href":"https:\/\/api.w.org\/{rel}","templated":true}]}}