{"id":6138,"date":"2022-02-07T01:11:22","date_gmt":"2022-02-07T00:11:22","guid":{"rendered":"https:\/\/agora.xtec.cat\/ceip-ignasiiglesias-cornella\/?p=6138"},"modified":"2022-02-07T01:44:01","modified_gmt":"2022-02-07T00:44:01","slug":"equipaje-intergalactico","status":"publish","type":"post","link":"https:\/\/agora.xtec.cat\/ceip-ignasiiglesias-cornella\/general\/equipaje-intergalactico\/","title":{"rendered":"5\u00e8. Equipaje Intergal\u00e1ctico"},"content":{"rendered":"<p>(Activitat de valors i expressi\u00f3 pl\u00e0stica extreta de <em>Wonder Ponder. Filosofia visual per a totes les edats. www.wonderponderonline.com,<\/em> dins del Projecte Extraterrestres.)<\/p>\n<p><strong><em>\u00bfQu\u00e9 te llevar\u00edas para tu futuro en otro planeta?<\/em><\/strong><\/p>\n<p><strong><em>Te han elegido como parte de una misi\u00f3n espacial para crear una civilizaci\u00f3n de prueba en otra galaxia y s\u00f3lo te puedes llevar una maleta. No tienes mucho tiempo y debes seleccionar s\u00f3lo lo imprescindible para el mejor futuro posible. Tu l\u00edmite de equipaje es una maleta de cabina y el peso m\u00e1ximo es 10 kg.<\/em><\/strong><\/p>\n<p>Amb aquesta proposta vam iniciar una conversa per grups per intentar consensuar quines coses serien imprescindibles, despr\u00e9s ho vam posar en com\u00fa. Dies despr\u00e9s, de manera individual, vam dibuixar la maleta.<\/p>\n<p>Per veure les fotos de la sessi\u00f3 accediu a la <a href=\"https:\/\/agora.xtec.cat\/ceip-ignasiiglesias-cornella\/cicle-superior-2021-2022\/\">GALERIA D&#8217; IMATGES DE CICLE SUPERIOR<\/a><\/p>\n<p>&nbsp;<\/p>\n<p>&nbsp;<\/p>\n","protected":false},"excerpt":{"rendered":"<p>(Activitat de valors i expressi\u00f3 pl\u00e0stica extreta de Wonder Ponder. Filosofia visual per a totes les edats. www.wonderponderonline.com, dins del Projecte Extraterrestres.)<br \/>\n\u00bfQu\u00e9 te llevar\u00edas para tu futuro en otro planeta?<br \/>\nTe han elegido como parte de una misi\u00f3n espacial para crear una civilizaci\u00f3n de prueba en&hellip;  <a href=\"https:\/\/agora.xtec.cat\/ceip-ignasiiglesias-cornella\/general\/equipaje-intergalactico\/\" title=\"Read 5\u00e8. Equipaje Intergal\u00e1ctico\">Llegeix m\u00e9s\u00bb<\/a><\/p>\n","protected":false},"author":52,"featured_media":6153,"comment_status":"open","ping_status":"closed","sticky":false,"template":"","format":"standard","meta":{"_bbp_topic_count":0,"_bbp_reply_count":0,"_bbp_total_topic_count":0,"_bbp_total_reply_count":0,"_bbp_voice_count":0,"_bbp_anonymous_reply_count":0,"_bbp_topic_count_hidden":0,"_bbp_reply_count_hidden":0,"_bbp_forum_subforum_count":0,"footnotes":""},"categories":[14,1,4],"tags":[917,914,915,125,916],"class_list":["post-6138","post","type-post","status-publish","format-standard","has-post-thumbnail","hentry","category-cicle-superior","category-general","category-portada","tag-educacioenvalors","tag-extraterrestres","tag-filosofiaperatoteslesedats","tag-primaria","tag-wonderponder"],"post_mailing_queue_ids":[],"_links":{"self":[{"href":"https:\/\/agora.xtec.cat\/ceip-ignasiiglesias-cornella\/wp-json\/wp\/v2\/posts\/6138","targetHints":{"allow":["GET"]}}],"collection":[{"href":"https:\/\/agora.xtec.cat\/ceip-ignasiiglesias-cornella\/wp-json\/wp\/v2\/posts"}],"about":[{"href":"https:\/\/agora.xtec.cat\/ceip-ignasiiglesias-cornella\/wp-json\/wp\/v2\/types\/post"}],"author":[{"embeddable":true,"href":"https:\/\/agora.xtec.cat\/ceip-ignasiiglesias-cornella\/wp-json\/wp\/v2\/users\/52"}],"replies":[{"embeddable":true,"href":"https:\/\/agora.xtec.cat\/ceip-ignasiiglesias-cornella\/wp-json\/wp\/v2\/comments?post=6138"}],"version-history":[{"count":3,"href":"https:\/\/agora.xtec.cat\/ceip-ignasiiglesias-cornella\/wp-json\/wp\/v2\/posts\/6138\/revisions"}],"predecessor-version":[{"id":6163,"href":"https:\/\/agora.xtec.cat\/ceip-ignasiiglesias-cornella\/wp-json\/wp\/v2\/posts\/6138\/revisions\/6163"}],"wp:featuredmedia":[{"embeddable":true,"href":"https:\/\/agora.xtec.cat\/ceip-ignasiiglesias-cornella\/wp-json\/wp\/v2\/media\/6153"}],"wp:attachment":[{"href":"https:\/\/agora.xtec.cat\/ceip-ignasiiglesias-cornella\/wp-json\/wp\/v2\/media?parent=6138"}],"wp:term":[{"taxonomy":"category","embeddable":true,"href":"https:\/\/agora.xtec.cat\/ceip-ignasiiglesias-cornella\/wp-json\/wp\/v2\/categories?post=6138"},{"taxonomy":"post_tag","embeddable":true,"href":"https:\/\/agora.xtec.cat\/ceip-ignasiiglesias-cornella\/wp-json\/wp\/v2\/tags?post=6138"}],"curies":[{"name":"wp","href":"https:\/\/api.w.org\/{rel}","templated":true}]}}