{"id":6134,"date":"2022-01-31T14:26:39","date_gmt":"2022-01-31T13:26:39","guid":{"rendered":"https:\/\/agora.xtec.cat\/ceip-ignasiiglesias-cornella\/?p=6134"},"modified":"2022-01-31T14:30:05","modified_gmt":"2022-01-31T13:30:05","slug":"6e-un-viatge-no-triat","status":"publish","type":"post","link":"https:\/\/agora.xtec.cat\/ceip-ignasiiglesias-cornella\/portada\/6e-un-viatge-no-triat\/","title":{"rendered":"6\u00e8. Un viatge no triat"},"content":{"rendered":"<p>Avui, els nens i les nenes de 6\u00e8 han fet un taller relacionat amb el dia internacional de la no-viol\u00e8ncia i la pau (DENIP).<br \/>\nEl taller, anomenat &#8220;Un viatge no triat&#8221;, ha consistit a realitzar un joc en el qual havien de superar situacions adverses relacionades amb la viol\u00e8ncia, els conflictes entre diferents pa\u00efsos, les injust\u00edcies socials i posar-se en la pell de persones refugiades.<\/p>\n<p>Tot plegat a c\u00e0rrec del col\u00b7lectiu <a href=\"https:\/\/www.irenia.net\/\">&#8220;IRENIA, JOCS DE PAU&#8221;<\/a>.<\/p>\n<p>Per veure v\u00eddeos i fotos, accediu a la <a href=\"https:\/\/agora.xtec.cat\/ceip-ignasiiglesias-cornella\/cicle-superior-2021-2022\/\">GALERIA D&#8217; IMATGES DE CICLE SUPERIOR<\/a>.<\/p>\n","protected":false},"excerpt":{"rendered":"<p>Avui, els nens i les nenes de 6\u00e8 han fet un taller relacionat amb el dia internacional de la no-viol\u00e8ncia i la pau (DENIP).<br \/>\nEl taller, anomenat &#8220;Un viatge no triat&#8221;, ha consistit a realitzar un joc en el qual havien de superar situacions adverses relacionades&hellip;  <a href=\"https:\/\/agora.xtec.cat\/ceip-ignasiiglesias-cornella\/portada\/6e-un-viatge-no-triat\/\" title=\"Read 6\u00e8. Un viatge no triat\">Llegeix m\u00e9s\u00bb<\/a><\/p>\n","protected":false},"author":4,"featured_media":6135,"comment_status":"open","ping_status":"closed","sticky":false,"template":"","format":"standard","meta":{"_bbp_topic_count":0,"_bbp_reply_count":0,"_bbp_total_topic_count":0,"_bbp_total_reply_count":0,"_bbp_voice_count":0,"_bbp_anonymous_reply_count":0,"_bbp_topic_count_hidden":0,"_bbp_reply_count_hidden":0,"_bbp_forum_subforum_count":0,"footnotes":""},"categories":[14,4],"tags":[911,704,912,913],"class_list":["post-6134","post","type-post","status-publish","format-standard","has-post-thumbnail","hentry","category-cicle-superior","category-portada","tag-irenia","tag-pau","tag-refugiats","tag-viatge"],"post_mailing_queue_ids":[],"_links":{"self":[{"href":"https:\/\/agora.xtec.cat\/ceip-ignasiiglesias-cornella\/wp-json\/wp\/v2\/posts\/6134","targetHints":{"allow":["GET"]}}],"collection":[{"href":"https:\/\/agora.xtec.cat\/ceip-ignasiiglesias-cornella\/wp-json\/wp\/v2\/posts"}],"about":[{"href":"https:\/\/agora.xtec.cat\/ceip-ignasiiglesias-cornella\/wp-json\/wp\/v2\/types\/post"}],"author":[{"embeddable":true,"href":"https:\/\/agora.xtec.cat\/ceip-ignasiiglesias-cornella\/wp-json\/wp\/v2\/users\/4"}],"replies":[{"embeddable":true,"href":"https:\/\/agora.xtec.cat\/ceip-ignasiiglesias-cornella\/wp-json\/wp\/v2\/comments?post=6134"}],"version-history":[{"count":1,"href":"https:\/\/agora.xtec.cat\/ceip-ignasiiglesias-cornella\/wp-json\/wp\/v2\/posts\/6134\/revisions"}],"predecessor-version":[{"id":6136,"href":"https:\/\/agora.xtec.cat\/ceip-ignasiiglesias-cornella\/wp-json\/wp\/v2\/posts\/6134\/revisions\/6136"}],"wp:featuredmedia":[{"embeddable":true,"href":"https:\/\/agora.xtec.cat\/ceip-ignasiiglesias-cornella\/wp-json\/wp\/v2\/media\/6135"}],"wp:attachment":[{"href":"https:\/\/agora.xtec.cat\/ceip-ignasiiglesias-cornella\/wp-json\/wp\/v2\/media?parent=6134"}],"wp:term":[{"taxonomy":"category","embeddable":true,"href":"https:\/\/agora.xtec.cat\/ceip-ignasiiglesias-cornella\/wp-json\/wp\/v2\/categories?post=6134"},{"taxonomy":"post_tag","embeddable":true,"href":"https:\/\/agora.xtec.cat\/ceip-ignasiiglesias-cornella\/wp-json\/wp\/v2\/tags?post=6134"}],"curies":[{"name":"wp","href":"https:\/\/api.w.org\/{rel}","templated":true}]}}