{"id":6129,"date":"2022-01-31T14:12:22","date_gmt":"2022-01-31T13:12:22","guid":{"rendered":"https:\/\/agora.xtec.cat\/ceip-ignasiiglesias-cornella\/?p=6129"},"modified":"2022-01-31T14:12:22","modified_gmt":"2022-01-31T13:12:22","slug":"6e-museu-de-les-matematiques","status":"publish","type":"post","link":"https:\/\/agora.xtec.cat\/ceip-ignasiiglesias-cornella\/general\/6e-museu-de-les-matematiques\/","title":{"rendered":"6\u00e8. Museu de les Matem\u00e0tiques"},"content":{"rendered":"<p>La setmana passada, els nens i nenes de 6\u00e8 vam visitar el MMACA. Vam comen\u00e7ar la visita al Museu a la segona planta en tres sales diferents. La primera sala era de c\u00e0lcul, la segona de geometria i la tercera de perspectiva. Totes les activitats eren manipulatives i es podien portar a terme de manera individual i\/ o col\u00b7lectiva.<br \/>\nEn acabar, vam anar a la porta principal i all\u00e0, a l\u2019exterior, vam comen\u00e7ar a construir la c\u00fapula de Leonardo amb unes fustes que hav\u00edem d\u2019anar col\u00b7locant d&#8217; una determinada manera formant quadrats petits i grans.<\/p>\n<p>Ens va agradar molt i ens ho vam passat molt b\u00e9.<\/p>\n<p>Per veure les fotos accediu a la <a href=\"https:\/\/agora.xtec.cat\/ceip-ignasiiglesias-cornella\/cicle-superior-2021-2022\/\">GALERIA D&#8217; IMATGES<\/a> de cicle superior.<\/p>\n","protected":false},"excerpt":{"rendered":"<p>La setmana passada, els nens i nenes de 6\u00e8 vam visitar el MMACA. Vam comen\u00e7ar la visita al Museu a la segona planta en tres sales diferents. La primera sala era de c\u00e0lcul, la segona de geometria i la tercera de perspectiva. Totes les activitats&hellip;  <a href=\"https:\/\/agora.xtec.cat\/ceip-ignasiiglesias-cornella\/general\/6e-museu-de-les-matematiques\/\" title=\"Read 6\u00e8. Museu de les Matem\u00e0tiques\">Llegeix m\u00e9s\u00bb<\/a><\/p>\n","protected":false},"author":4,"featured_media":6130,"comment_status":"open","ping_status":"closed","sticky":false,"template":"","format":"standard","meta":{"_bbp_topic_count":0,"_bbp_reply_count":0,"_bbp_total_topic_count":0,"_bbp_total_reply_count":0,"_bbp_voice_count":0,"_bbp_anonymous_reply_count":0,"_bbp_topic_count_hidden":0,"_bbp_reply_count_hidden":0,"_bbp_forum_subforum_count":0,"footnotes":""},"categories":[14,1,4],"tags":[175,617],"class_list":["post-6129","post","type-post","status-publish","format-standard","has-post-thumbnail","hentry","category-cicle-superior","category-general","category-portada","tag-matematiques","tag-mmaca"],"post_mailing_queue_ids":[],"_links":{"self":[{"href":"https:\/\/agora.xtec.cat\/ceip-ignasiiglesias-cornella\/wp-json\/wp\/v2\/posts\/6129","targetHints":{"allow":["GET"]}}],"collection":[{"href":"https:\/\/agora.xtec.cat\/ceip-ignasiiglesias-cornella\/wp-json\/wp\/v2\/posts"}],"about":[{"href":"https:\/\/agora.xtec.cat\/ceip-ignasiiglesias-cornella\/wp-json\/wp\/v2\/types\/post"}],"author":[{"embeddable":true,"href":"https:\/\/agora.xtec.cat\/ceip-ignasiiglesias-cornella\/wp-json\/wp\/v2\/users\/4"}],"replies":[{"embeddable":true,"href":"https:\/\/agora.xtec.cat\/ceip-ignasiiglesias-cornella\/wp-json\/wp\/v2\/comments?post=6129"}],"version-history":[{"count":2,"href":"https:\/\/agora.xtec.cat\/ceip-ignasiiglesias-cornella\/wp-json\/wp\/v2\/posts\/6129\/revisions"}],"predecessor-version":[{"id":6132,"href":"https:\/\/agora.xtec.cat\/ceip-ignasiiglesias-cornella\/wp-json\/wp\/v2\/posts\/6129\/revisions\/6132"}],"wp:featuredmedia":[{"embeddable":true,"href":"https:\/\/agora.xtec.cat\/ceip-ignasiiglesias-cornella\/wp-json\/wp\/v2\/media\/6130"}],"wp:attachment":[{"href":"https:\/\/agora.xtec.cat\/ceip-ignasiiglesias-cornella\/wp-json\/wp\/v2\/media?parent=6129"}],"wp:term":[{"taxonomy":"category","embeddable":true,"href":"https:\/\/agora.xtec.cat\/ceip-ignasiiglesias-cornella\/wp-json\/wp\/v2\/categories?post=6129"},{"taxonomy":"post_tag","embeddable":true,"href":"https:\/\/agora.xtec.cat\/ceip-ignasiiglesias-cornella\/wp-json\/wp\/v2\/tags?post=6129"}],"curies":[{"name":"wp","href":"https:\/\/api.w.org\/{rel}","templated":true}]}}